{"id":89177,"date":"2026-02-20T11:14:52","date_gmt":"2026-02-20T08:14:52","guid":{"rendered":"https:\/\/www.egemtv.com\/?p=89177"},"modified":"2026-02-20T11:14:53","modified_gmt":"2026-02-20T08:14:53","slug":"ilk-cemre-havaya-dustu","status":"publish","type":"post","link":"https:\/\/www.egemtv.com\/?p=89177","title":{"rendered":"\u0130lk cemre havaya d\u00fc\u015ft\u00fc"},"content":{"rendered":"<p>K\u0131\u015f aylar\u0131n\u0131n sonu, bahar aylar\u0131n\u0131n m\u00fcjdecisi olarak bilinen ilk Cemre bug\u00fcn havaya d\u00fc\u015ft\u00fc.<br \/>\n<br \/>Halk aras\u0131nda bahar\u0131n m\u00fcjdeleyicisi olarak bilinen cemrenin ilki 20 \u015eubat tarihi itibari ile havaya ikincisi 26-27 \u015eubat\u2019ta suya, \u00fc\u00e7\u00fcnc\u00fcs\u00fc 5-6 Mart\u2019ta topra\u011fa d\u00fc\u015fecek.<br \/>\n<br \/>\u2018Ate\u015f\u2019, \u2018kor\u2019, \u2018k\u00f6z\u2019 gibi anlamlar\u0131 olan ve halk aras\u0131nda birer hafta arayla havaya, suya ve topra\u011fa d\u00fc\u015ft\u00fc\u011f\u00fc kabul edilen cemrenin, k\u0131\u015f aylar\u0131n\u0131n ard\u0131ndan \u00f6nce havay\u0131, suyu ve topra\u011f\u0131 \u0131s\u0131tt\u0131\u011f\u0131na inan\u0131l\u0131yor.<br \/>\n<br \/>Orta Asya\u2019dan Arap co\u011frafyas\u0131na, \u00c7in\u2019den Yunanistan\u2019a pek \u00e7ok k\u00fclt\u00fcrde, y\u0131l\u0131n neredeyse ayn\u0131 g\u00fcnleri, cemrelerin d\u00fc\u015ferek ya da y\u00fckselerek havay\u0131, topra\u011f\u0131 ve suyu \u0131s\u0131tt\u0131\u011f\u0131 tarihler olarak kabul ediliyor.<br \/><\/p>\n","protected":false},"excerpt":{"rendered":"<p>K\u0131\u015f aylar\u0131n\u0131n sonu, bahar aylar\u0131n\u0131n m\u00fcjdecisi olarak bilinen ilk Cemre bug\u00fcn havaya d\u00fc\u015ft\u00fc. Halk aras\u0131nda bahar\u0131n m\u00fcjdeleyicisi olarak bilinen cemrenin ilki 20 \u015eubat tarihi itibari ile havaya ikincisi 26-27 \u015eubat\u2019ta suya, \u00fc\u00e7\u00fcnc\u00fcs\u00fc 5-6 Mart\u2019ta topra\u011fa d\u00fc\u015fecek. \u2018Ate\u015f\u2019, \u2018kor\u2019, \u2018k\u00f6z\u2019 gibi anlamlar\u0131 olan ve halk aras\u0131nda birer hafta arayla havaya, suya ve topra\u011fa d\u00fc\u015ft\u00fc\u011f\u00fc kabul edilen&#8230;<\/p>\n","protected":false},"author":1,"featured_media":89178,"comment_status":"open","ping_status":"open","sticky":false,"template":"","format":"standard","meta":{"_crdt_document":"","footnotes":""},"categories":[1],"tags":[],"class_list":["post-89177","post","type-post","status-publish","format-standard","has-post-thumbnail","hentry","category-guncel"],"_links":{"self":[{"href":"https:\/\/www.egemtv.com\/index.php?rest_route=\/wp\/v2\/posts\/89177","targetHints":{"allow":["GET"]}}],"collection":[{"href":"https:\/\/www.egemtv.com\/index.php?rest_route=\/wp\/v2\/posts"}],"about":[{"href":"https:\/\/www.egemtv.com\/index.php?rest_route=\/wp\/v2\/types\/post"}],"author":[{"embeddable":true,"href":"https:\/\/www.egemtv.com\/index.php?rest_route=\/wp\/v2\/users\/1"}],"replies":[{"embeddable":true,"href":"https:\/\/www.egemtv.com\/index.php?rest_route=%2Fwp%2Fv2%2Fcomments&post=89177"}],"version-history":[{"count":1,"href":"https:\/\/www.egemtv.com\/index.php?rest_route=\/wp\/v2\/posts\/89177\/revisions"}],"predecessor-version":[{"id":89179,"href":"https:\/\/www.egemtv.com\/index.php?rest_route=\/wp\/v2\/posts\/89177\/revisions\/89179"}],"wp:featuredmedia":[{"embeddable":true,"href":"https:\/\/www.egemtv.com\/index.php?rest_route=\/wp\/v2\/media\/89178"}],"wp:attachment":[{"href":"https:\/\/www.egemtv.com\/index.php?rest_route=%2Fwp%2Fv2%2Fmedia&parent=89177"}],"wp:term":[{"taxonomy":"category","embeddable":true,"href":"https:\/\/www.egemtv.com\/index.php?rest_route=%2Fwp%2Fv2%2Fcategories&post=89177"},{"taxonomy":"post_tag","embeddable":true,"href":"https:\/\/www.egemtv.com\/index.php?rest_route=%2Fwp%2Fv2%2Ftags&post=89177"}],"curies":[{"name":"wp","href":"https:\/\/api.w.org\/{rel}","templated":true}]}}