{"id":89171,"date":"2026-02-20T10:34:45","date_gmt":"2026-02-20T07:34:45","guid":{"rendered":"https:\/\/www.egemtv.com\/?p=89171"},"modified":"2026-02-20T10:34:46","modified_gmt":"2026-02-20T07:34:46","slug":"alasehirde-81-ogrenci-ilce-sampiyonlugu-icin-yaristi","status":"publish","type":"post","link":"https:\/\/www.egemtv.com\/?p=89171","title":{"rendered":"Ala\u015fehir\u2019de 81 \u00f6\u011frenci il\u00e7e \u015fampiyonlu\u011fu i\u00e7in yar\u0131\u015ft\u0131"},"content":{"rendered":"<p>Manisa\u2019n\u0131n Ala\u015fehir il\u00e7esinde 20 \u015eubat\u2019ta d\u00fczenlenen Ak\u0131l ve Zeka Oyunlar\u0131 \u0130l\u00e7e Turnuvas\u0131, 81 \u00f6\u011frencinin kat\u0131l\u0131m\u0131yla b\u00fcy\u00fck bir heyecana sahne oldu. \u0130ki g\u00fcn s\u00fcren turnuvada ilkokul ve ortaokul \u00f6\u011frencileri strateji ve dikkat gerektiren oyunlarda k\u0131yas\u0131ya m\u00fccadele etti.<br \/>\n<br \/>Ala\u015fehir \u0130l\u00e7e Milli E\u011fitim M\u00fcd\u00fcrl\u00fc\u011f\u00fc taraf\u0131ndan organize edilen turnuva, Ala\u015fehir \u0130l\u00e7e Gen\u00e7lik ve Spor M\u00fcd\u00fcrl\u00fc\u011f\u00fc salonunda ger\u00e7ekle\u015ftirildi. \u0130l\u00e7e genelindeki okullarda yap\u0131lan \u00f6n eleme turnuvalar\u0131nda birinci olan \u00f6\u011frenciler il\u00e7e turnuvas\u0131na kat\u0131lmaya hak kazand\u0131. Turnuvada 35 ilkokul ve 46 ortaokul \u00f6\u011frencisi olmak \u00fczere toplam 81 \u00f6\u011frenci m\u00fccadele etti.<br \/>\n<br \/>\u0130lkokul kategorisinde Abluka, Pentago, Motif, Equilibrio ve K\u00fcre oyunlar\u0131nda yar\u0131\u015fmalar d\u00fczenlenirken; ortaokul kategorisinde ise Abluka, K\u00fcre, Pentago, Kulami ve Mangala oyunlar\u0131nda \u00f6\u011frenciler dereceye girebilmek i\u00e7in ter d\u00f6kt\u00fc. Toplam 20 hakemin g\u00f6rev ald\u0131\u011f\u0131 organizasyonda kar\u015f\u0131la\u015fmalar iki g\u00fcn boyunca s\u00fcrd\u00fc.<br \/>\n<br \/>Turnuva sonunda her oyunda dereceye giren ilk \u00fc\u00e7 \u00f6\u011frenciye kupa verildi. D\u00fczenlenen \u00f6d\u00fcl t\u00f6renine Ala\u015fehir \u0130l\u00e7e Milli E\u011fitim M\u00fcd\u00fcr\u00fc Fikri \u00c7etinkaya, Ala\u015fehir \u0130l\u00e7e Gen\u00e7lik ve Spor M\u00fcd\u00fcr\u00fc Onur Katar, \u0130l\u00e7e Milli E\u011fitim \u015eube M\u00fcd\u00fcrleri Mustafa Y\u0131lmaz ve Latif Akg\u00fcn ile okul ve kurum m\u00fcd\u00fcrleri kat\u0131ld\u0131.<br \/>\n<br \/>Ala\u015fehir \u0130l\u00e7e Milli E\u011fitim M\u00fcd\u00fcr\u00fc Fikri \u00c7etinkaya, ak\u0131l ve zeka oyunlar\u0131n\u0131n \u00f6\u011frencilerin stratejik d\u00fc\u015f\u00fcnme, problem \u00e7\u00f6zme, dikkat ve odaklanma becerilerini geli\u015ftirdi\u011fini belirterek turnuvaya kat\u0131lan t\u00fcm \u00f6\u011frencileri tebrik etti. Dereceye giren \u00f6\u011frencilerin il finallerinde Ala\u015fehir\u2019i temsil edece\u011fi bildirildi.<br \/><\/p>\n","protected":false},"excerpt":{"rendered":"<p>Manisa\u2019n\u0131n Ala\u015fehir il\u00e7esinde 20 \u015eubat\u2019ta d\u00fczenlenen Ak\u0131l ve Zeka Oyunlar\u0131 \u0130l\u00e7e Turnuvas\u0131, 81 \u00f6\u011frencinin kat\u0131l\u0131m\u0131yla b\u00fcy\u00fck bir heyecana sahne oldu. \u0130ki g\u00fcn s\u00fcren turnuvada ilkokul ve ortaokul \u00f6\u011frencileri strateji ve dikkat gerektiren oyunlarda k\u0131yas\u0131ya m\u00fccadele etti. Ala\u015fehir \u0130l\u00e7e Milli E\u011fitim M\u00fcd\u00fcrl\u00fc\u011f\u00fc taraf\u0131ndan organize edilen turnuva, Ala\u015fehir \u0130l\u00e7e Gen\u00e7lik ve Spor M\u00fcd\u00fcrl\u00fc\u011f\u00fc salonunda ger\u00e7ekle\u015ftirildi. \u0130l\u00e7e genelindeki&#8230;<\/p>\n","protected":false},"author":1,"featured_media":89172,"comment_status":"open","ping_status":"open","sticky":false,"template":"","format":"standard","meta":{"_crdt_document":"","footnotes":""},"categories":[4],"tags":[],"class_list":["post-89171","post","type-post","status-publish","format-standard","has-post-thumbnail","hentry","category-spor"],"_links":{"self":[{"href":"https:\/\/www.egemtv.com\/index.php?rest_route=\/wp\/v2\/posts\/89171","targetHints":{"allow":["GET"]}}],"collection":[{"href":"https:\/\/www.egemtv.com\/index.php?rest_route=\/wp\/v2\/posts"}],"about":[{"href":"https:\/\/www.egemtv.com\/index.php?rest_route=\/wp\/v2\/types\/post"}],"author":[{"embeddable":true,"href":"https:\/\/www.egemtv.com\/index.php?rest_route=\/wp\/v2\/users\/1"}],"replies":[{"embeddable":true,"href":"https:\/\/www.egemtv.com\/index.php?rest_route=%2Fwp%2Fv2%2Fcomments&post=89171"}],"version-history":[{"count":1,"href":"https:\/\/www.egemtv.com\/index.php?rest_route=\/wp\/v2\/posts\/89171\/revisions"}],"predecessor-version":[{"id":89173,"href":"https:\/\/www.egemtv.com\/index.php?rest_route=\/wp\/v2\/posts\/89171\/revisions\/89173"}],"wp:featuredmedia":[{"embeddable":true,"href":"https:\/\/www.egemtv.com\/index.php?rest_route=\/wp\/v2\/media\/89172"}],"wp:attachment":[{"href":"https:\/\/www.egemtv.com\/index.php?rest_route=%2Fwp%2Fv2%2Fmedia&parent=89171"}],"wp:term":[{"taxonomy":"category","embeddable":true,"href":"https:\/\/www.egemtv.com\/index.php?rest_route=%2Fwp%2Fv2%2Fcategories&post=89171"},{"taxonomy":"post_tag","embeddable":true,"href":"https:\/\/www.egemtv.com\/index.php?rest_route=%2Fwp%2Fv2%2Ftags&post=89171"}],"curies":[{"name":"wp","href":"https:\/\/api.w.org\/{rel}","templated":true}]}}