{"id":89168,"date":"2026-02-20T10:14:51","date_gmt":"2026-02-20T07:14:51","guid":{"rendered":"https:\/\/www.egemtv.com\/?p=89168"},"modified":"2026-02-20T10:14:52","modified_gmt":"2026-02-20T07:14:52","slug":"sokede-kyk-yurdunda-ramazan-kosesi-olusturuldu","status":"publish","type":"post","link":"https:\/\/www.egemtv.com\/?p=89168","title":{"rendered":"S\u00f6ke\u2019de KYK yurdunda Ramazan k\u00f6\u015fesi olu\u015fturuldu"},"content":{"rendered":"<p>Ayd\u0131n\u2019\u0131n S\u00f6ke il\u00e7esinde Ramazan ay\u0131n\u0131n manevi atmosferini \u00f6\u011frenciler aras\u0131nda daha g\u00f6r\u00fcn\u00fcr k\u0131lmak amac\u0131yla S\u00f6ke \u0130l\u00e7e M\u00fcft\u00fcl\u00fc\u011f\u00fc taraf\u0131ndan Meryem Yaz\u0131c\u0131o\u011flu KYK Yurdu\u2019nda \u00f6zel bir \u2019Ramazan K\u00f6\u015fesi\u2019 haz\u0131rland\u0131.<\/p>\n<p>Yurt i\u00e7erisinde \u00f6\u011frencilerin yo\u011fun olarak kulland\u0131\u011f\u0131 ortak alanda kurulan k\u00f6\u015fede, Ramazan ay\u0131n\u0131n ruhunu yans\u0131tan g\u00f6rseller ile oru\u00e7 ibadetinin faziletlerine dair k\u0131sa bilgilere yer verildi. Ramazan\u2019\u0131n payla\u015fma, yard\u0131mla\u015fma ve merhamet iklimini anlatan mesajlar\u0131n bulundu\u011fu alanda ayr\u0131ca \u00f6\u011frencilerin g\u00fcnl\u00fck olarak faydalanabilece\u011fi \u00e7e\u015fitli Diyanet yay\u0131nlar\u0131, dua ve sure kartlar\u0131 ile Ramazan rehberi niteli\u011findeki bro\u015f\u00fcrler de eri\u015fime sunuldu. Haz\u0131rlanan k\u00f6\u015fe sayesinde \u00f6\u011frencilerin ders yo\u011funlu\u011fu aras\u0131nda k\u0131sa bir mola vererek manevi bir atmosferde vakit ge\u00e7irebilece\u011fi bir alan olu\u015fturuldu. Yurt y\u00f6netimi ve \u00f6\u011frenciler, Ramazan ay\u0131n\u0131 hat\u0131rlatan bu \u00e7al\u0131\u015fmadan memnuniyet duyduklar\u0131n\u0131 ifade etti. Ramazan ay\u0131 boyunca a\u00e7\u0131k kalacak k\u00f6\u015fede, belirli g\u00fcnlerde din g\u00f6revlileri taraf\u0131ndan k\u0131sa bilgilendirme sohbetleri yap\u0131lmas\u0131 ve \u00f6\u011frencilerin merak ettikleri dini sorulara cevap verilmesi planlan\u0131yor. \u00c7al\u0131\u015fma ile yurtta Ramazan ay\u0131n\u0131n bereketi ve manevi atmosferinin daha g\u00fc\u00e7l\u00fc \u015fekilde hissedilmesi hedefleniyor.<br \/><\/p>\n","protected":false},"excerpt":{"rendered":"<p>Ayd\u0131n\u2019\u0131n S\u00f6ke il\u00e7esinde Ramazan ay\u0131n\u0131n manevi atmosferini \u00f6\u011frenciler aras\u0131nda daha g\u00f6r\u00fcn\u00fcr k\u0131lmak amac\u0131yla S\u00f6ke \u0130l\u00e7e M\u00fcft\u00fcl\u00fc\u011f\u00fc taraf\u0131ndan Meryem Yaz\u0131c\u0131o\u011flu KYK Yurdu\u2019nda \u00f6zel bir \u2019Ramazan K\u00f6\u015fesi\u2019 haz\u0131rland\u0131. Yurt i\u00e7erisinde \u00f6\u011frencilerin yo\u011fun olarak kulland\u0131\u011f\u0131 ortak alanda kurulan k\u00f6\u015fede, Ramazan ay\u0131n\u0131n ruhunu yans\u0131tan g\u00f6rseller ile oru\u00e7 ibadetinin faziletlerine dair k\u0131sa bilgilere yer verildi. Ramazan\u2019\u0131n payla\u015fma, yard\u0131mla\u015fma ve merhamet&#8230;<\/p>\n","protected":false},"author":1,"featured_media":89169,"comment_status":"open","ping_status":"open","sticky":false,"template":"","format":"standard","meta":{"_crdt_document":"","footnotes":""},"categories":[1],"tags":[],"class_list":["post-89168","post","type-post","status-publish","format-standard","has-post-thumbnail","hentry","category-guncel"],"_links":{"self":[{"href":"https:\/\/www.egemtv.com\/index.php?rest_route=\/wp\/v2\/posts\/89168","targetHints":{"allow":["GET"]}}],"collection":[{"href":"https:\/\/www.egemtv.com\/index.php?rest_route=\/wp\/v2\/posts"}],"about":[{"href":"https:\/\/www.egemtv.com\/index.php?rest_route=\/wp\/v2\/types\/post"}],"author":[{"embeddable":true,"href":"https:\/\/www.egemtv.com\/index.php?rest_route=\/wp\/v2\/users\/1"}],"replies":[{"embeddable":true,"href":"https:\/\/www.egemtv.com\/index.php?rest_route=%2Fwp%2Fv2%2Fcomments&post=89168"}],"version-history":[{"count":1,"href":"https:\/\/www.egemtv.com\/index.php?rest_route=\/wp\/v2\/posts\/89168\/revisions"}],"predecessor-version":[{"id":89170,"href":"https:\/\/www.egemtv.com\/index.php?rest_route=\/wp\/v2\/posts\/89168\/revisions\/89170"}],"wp:featuredmedia":[{"embeddable":true,"href":"https:\/\/www.egemtv.com\/index.php?rest_route=\/wp\/v2\/media\/89169"}],"wp:attachment":[{"href":"https:\/\/www.egemtv.com\/index.php?rest_route=%2Fwp%2Fv2%2Fmedia&parent=89168"}],"wp:term":[{"taxonomy":"category","embeddable":true,"href":"https:\/\/www.egemtv.com\/index.php?rest_route=%2Fwp%2Fv2%2Fcategories&post=89168"},{"taxonomy":"post_tag","embeddable":true,"href":"https:\/\/www.egemtv.com\/index.php?rest_route=%2Fwp%2Fv2%2Ftags&post=89168"}],"curies":[{"name":"wp","href":"https:\/\/api.w.org\/{rel}","templated":true}]}}