{"id":89165,"date":"2026-02-20T10:14:50","date_gmt":"2026-02-20T07:14:50","guid":{"rendered":"https:\/\/www.egemtv.com\/?p=89165"},"modified":"2026-02-20T10:14:51","modified_gmt":"2026-02-20T07:14:51","slug":"germencik-belediyesinden-ramazanda-ihtiyac-sahiplerine-destek","status":"publish","type":"post","link":"https:\/\/www.egemtv.com\/?p=89165","title":{"rendered":"Germencik Belediyesi\u2019nden Ramazan\u2019da ihtiya\u00e7 sahiplerine destek"},"content":{"rendered":"<p>Ayd\u0131n\u2019\u0131n Germencik il\u00e7esinde Burak Zencirci \u00f6nc\u00fcl\u00fc\u011f\u00fcnde, sosyal yard\u0131mla\u015fma a\u011f\u0131 GESA arac\u0131l\u0131\u011f\u0131yla haz\u0131rlanan erzak paketleri ve imsakiyelerin ihtiya\u00e7 sahibi vatanda\u015flara ula\u015ft\u0131r\u0131lmas\u0131na devam ediliyor.<\/p>\n<p>Germencik il\u00e7esinde Belediye Ba\u015fkan\u0131 Burak Zencirci \u00f6nc\u00fcl\u00fc\u011f\u00fcnde, Ramazan ay\u0131 dolay\u0131s\u0131yla ba\u015flat\u0131lan yard\u0131m \u00e7al\u0131\u015fmalar\u0131 h\u0131z kesmeden s\u00fcr\u00fcyor. \u0130l\u00e7e genelinde ihtiya\u00e7 sahibi aileler tek tek belirlenerek haz\u0131rlanan erzak paketleri ve imsakiyeler vatanda\u015flar\u0131n evlerine ula\u015ft\u0131r\u0131l\u0131yor. Sosyal yard\u0131mla\u015fma a\u011f\u0131 GESA arac\u0131l\u0131\u011f\u0131yla ger\u00e7ekle\u015ftirilen da\u011f\u0131t\u0131mlarda, temel g\u0131da malzemelerinin yer ald\u0131\u011f\u0131 paketlerin yan\u0131 s\u0131ra ya\u015fl\u0131, engelli ve yaln\u0131z ya\u015fayan vatanda\u015flara \u00f6ncelik veriliyor. Ramazan ay\u0131 dolay\u0131s\u0131yla yap\u0131lan \u00e7al\u0131\u015fmalar hakk\u0131nda a\u00e7\u0131klamalarda bulunan Ba\u015fkan Zencirci, &#8220;Sosyal yard\u0131mla\u015fma a\u011f\u0131m\u0131z GESA arac\u0131l\u0131\u011f\u0131yla haz\u0131rlad\u0131\u011f\u0131m\u0131z erzak paketlerinin ve imsakiyelerimizin da\u011f\u0131t\u0131m\u0131 s\u00fcr\u00fcyor. Ramazan\u2019\u0131n bereketinin payla\u015ft\u0131k\u00e7a \u00e7o\u011falaca\u011f\u0131 bilinciyle \u00e7al\u0131\u015f\u0131yor, ihtiya\u00e7 sahibi her vatanda\u015f\u0131m\u0131za ula\u015fmaya y\u00fcksek gayret g\u00f6steriyoruz. Bir sofrada tuzumuz, bir g\u00f6n\u00fclde yerimiz olmas\u0131 en b\u00fcy\u00fck mutlulu\u011fumuz&#8221; ifadelerini kulland\u0131.<br \/><\/p>\n","protected":false},"excerpt":{"rendered":"<p>Ayd\u0131n\u2019\u0131n Germencik il\u00e7esinde Burak Zencirci \u00f6nc\u00fcl\u00fc\u011f\u00fcnde, sosyal yard\u0131mla\u015fma a\u011f\u0131 GESA arac\u0131l\u0131\u011f\u0131yla haz\u0131rlanan erzak paketleri ve imsakiyelerin ihtiya\u00e7 sahibi vatanda\u015flara ula\u015ft\u0131r\u0131lmas\u0131na devam ediliyor. Germencik il\u00e7esinde Belediye Ba\u015fkan\u0131 Burak Zencirci \u00f6nc\u00fcl\u00fc\u011f\u00fcnde, Ramazan ay\u0131 dolay\u0131s\u0131yla ba\u015flat\u0131lan yard\u0131m \u00e7al\u0131\u015fmalar\u0131 h\u0131z kesmeden s\u00fcr\u00fcyor. \u0130l\u00e7e genelinde ihtiya\u00e7 sahibi aileler tek tek belirlenerek haz\u0131rlanan erzak paketleri ve imsakiyeler vatanda\u015flar\u0131n evlerine ula\u015ft\u0131r\u0131l\u0131yor. Sosyal&#8230;<\/p>\n","protected":false},"author":1,"featured_media":89166,"comment_status":"open","ping_status":"open","sticky":false,"template":"","format":"standard","meta":{"_crdt_document":"","footnotes":""},"categories":[1],"tags":[],"class_list":["post-89165","post","type-post","status-publish","format-standard","has-post-thumbnail","hentry","category-guncel"],"_links":{"self":[{"href":"https:\/\/www.egemtv.com\/index.php?rest_route=\/wp\/v2\/posts\/89165","targetHints":{"allow":["GET"]}}],"collection":[{"href":"https:\/\/www.egemtv.com\/index.php?rest_route=\/wp\/v2\/posts"}],"about":[{"href":"https:\/\/www.egemtv.com\/index.php?rest_route=\/wp\/v2\/types\/post"}],"author":[{"embeddable":true,"href":"https:\/\/www.egemtv.com\/index.php?rest_route=\/wp\/v2\/users\/1"}],"replies":[{"embeddable":true,"href":"https:\/\/www.egemtv.com\/index.php?rest_route=%2Fwp%2Fv2%2Fcomments&post=89165"}],"version-history":[{"count":1,"href":"https:\/\/www.egemtv.com\/index.php?rest_route=\/wp\/v2\/posts\/89165\/revisions"}],"predecessor-version":[{"id":89167,"href":"https:\/\/www.egemtv.com\/index.php?rest_route=\/wp\/v2\/posts\/89165\/revisions\/89167"}],"wp:featuredmedia":[{"embeddable":true,"href":"https:\/\/www.egemtv.com\/index.php?rest_route=\/wp\/v2\/media\/89166"}],"wp:attachment":[{"href":"https:\/\/www.egemtv.com\/index.php?rest_route=%2Fwp%2Fv2%2Fmedia&parent=89165"}],"wp:term":[{"taxonomy":"category","embeddable":true,"href":"https:\/\/www.egemtv.com\/index.php?rest_route=%2Fwp%2Fv2%2Fcategories&post=89165"},{"taxonomy":"post_tag","embeddable":true,"href":"https:\/\/www.egemtv.com\/index.php?rest_route=%2Fwp%2Fv2%2Ftags&post=89165"}],"curies":[{"name":"wp","href":"https:\/\/api.w.org\/{rel}","templated":true}]}}