{"id":89162,"date":"2026-02-20T10:14:49","date_gmt":"2026-02-20T07:14:49","guid":{"rendered":"https:\/\/www.egemtv.com\/?p=89162"},"modified":"2026-02-20T10:14:50","modified_gmt":"2026-02-20T07:14:50","slug":"didim-belediyesinden-ergenlik-ve-ilk-genclikte-kadin-sagligi-egitimi","status":"publish","type":"post","link":"https:\/\/www.egemtv.com\/?p=89162","title":{"rendered":"Didim Belediyesi\u2019nden Ergenlik ve \u0130lk Gen\u00e7likte Kad\u0131n Sa\u011fl\u0131\u011f\u0131 E\u011fitimi"},"content":{"rendered":"<p>Kad\u0131n sa\u011fl\u0131\u011f\u0131 konusunda fark\u0131ndal\u0131k olu\u015fturmak amac\u0131yla \u00e7al\u0131\u015fmalar\u0131n\u0131 s\u00fcrd\u00fcren Didim Belediyesi, \u2019Ergenlik ve \u0130lk Gen\u00e7likte Kad\u0131n Sa\u011fl\u0131\u011f\u0131 E\u011fitimi\u2019 d\u00fczenliyor.<\/p>\n<p>21 \u015eubat Cumartesi g\u00fcn\u00fc saat 14.00\u2019te Kad\u0131n ve Aile Dan\u0131\u015fma Merkezi\u2019nde ger\u00e7ekle\u015ftirilecek e\u011fitimin konu\u015fmac\u0131s\u0131, alan\u0131nda uzman Op. Dr. I\u015f\u0131n Ye\u015fim Ye\u015filkaya olacak. E\u011fitimde ergenlik ve ilk gen\u00e7lik d\u00f6neminde kad\u0131n sa\u011fl\u0131\u011f\u0131na ili\u015fkin temel konular ele al\u0131nacak; kat\u0131l\u0131mc\u0131lar merak ettikleri sorular\u0131 do\u011frudan uzmana y\u00f6neltme imkan\u0131 bulacak.<\/p>\n<p>Didim Belediye Ba\u015fkan\u0131 Hatice Gen\u00e7ay, &#8220;Gen\u00e7lerimizin ve ailelerimizin sa\u011fl\u0131kl\u0131 bir gelece\u011fe ad\u0131m atabilmesi i\u00e7in bilin\u00e7li olmas\u0131 b\u00fcy\u00fck \u00f6nem ta\u015f\u0131yor. Bu e\u011fitimle hem gen\u00e7lerimiz hem de aileleri, ergenlik d\u00f6nemindeki de\u011fi\u015fimleri ve kad\u0131n sa\u011fl\u0131\u011f\u0131na dair konular\u0131 uzman\u0131ndan \u00f6\u011frenme f\u0131rsat\u0131 bulacak. 21 \u015eubat Cumartesi g\u00fcn\u00fc Kad\u0131n ve Aile Dan\u0131\u015fma Merkezi\u2019mizde ger\u00e7ekle\u015ftirece\u011fimiz e\u011fitimimize t\u00fcm kad\u0131nlar\u0131m\u0131z\u0131 ve gen\u00e7lerimizi davet ediyorum&#8221; dedi.<br \/><\/p>\n","protected":false},"excerpt":{"rendered":"<p>Kad\u0131n sa\u011fl\u0131\u011f\u0131 konusunda fark\u0131ndal\u0131k olu\u015fturmak amac\u0131yla \u00e7al\u0131\u015fmalar\u0131n\u0131 s\u00fcrd\u00fcren Didim Belediyesi, \u2019Ergenlik ve \u0130lk Gen\u00e7likte Kad\u0131n Sa\u011fl\u0131\u011f\u0131 E\u011fitimi\u2019 d\u00fczenliyor. 21 \u015eubat Cumartesi g\u00fcn\u00fc saat 14.00\u2019te Kad\u0131n ve Aile Dan\u0131\u015fma Merkezi\u2019nde ger\u00e7ekle\u015ftirilecek e\u011fitimin konu\u015fmac\u0131s\u0131, alan\u0131nda uzman Op. Dr. I\u015f\u0131n Ye\u015fim Ye\u015filkaya olacak. E\u011fitimde ergenlik ve ilk gen\u00e7lik d\u00f6neminde kad\u0131n sa\u011fl\u0131\u011f\u0131na ili\u015fkin temel konular ele al\u0131nacak; kat\u0131l\u0131mc\u0131lar merak&#8230;<\/p>\n","protected":false},"author":1,"featured_media":89163,"comment_status":"open","ping_status":"open","sticky":false,"template":"","format":"standard","meta":{"_crdt_document":"","footnotes":""},"categories":[1],"tags":[],"class_list":["post-89162","post","type-post","status-publish","format-standard","has-post-thumbnail","hentry","category-guncel"],"_links":{"self":[{"href":"https:\/\/www.egemtv.com\/index.php?rest_route=\/wp\/v2\/posts\/89162","targetHints":{"allow":["GET"]}}],"collection":[{"href":"https:\/\/www.egemtv.com\/index.php?rest_route=\/wp\/v2\/posts"}],"about":[{"href":"https:\/\/www.egemtv.com\/index.php?rest_route=\/wp\/v2\/types\/post"}],"author":[{"embeddable":true,"href":"https:\/\/www.egemtv.com\/index.php?rest_route=\/wp\/v2\/users\/1"}],"replies":[{"embeddable":true,"href":"https:\/\/www.egemtv.com\/index.php?rest_route=%2Fwp%2Fv2%2Fcomments&post=89162"}],"version-history":[{"count":1,"href":"https:\/\/www.egemtv.com\/index.php?rest_route=\/wp\/v2\/posts\/89162\/revisions"}],"predecessor-version":[{"id":89164,"href":"https:\/\/www.egemtv.com\/index.php?rest_route=\/wp\/v2\/posts\/89162\/revisions\/89164"}],"wp:featuredmedia":[{"embeddable":true,"href":"https:\/\/www.egemtv.com\/index.php?rest_route=\/wp\/v2\/media\/89163"}],"wp:attachment":[{"href":"https:\/\/www.egemtv.com\/index.php?rest_route=%2Fwp%2Fv2%2Fmedia&parent=89162"}],"wp:term":[{"taxonomy":"category","embeddable":true,"href":"https:\/\/www.egemtv.com\/index.php?rest_route=%2Fwp%2Fv2%2Fcategories&post=89162"},{"taxonomy":"post_tag","embeddable":true,"href":"https:\/\/www.egemtv.com\/index.php?rest_route=%2Fwp%2Fv2%2Ftags&post=89162"}],"curies":[{"name":"wp","href":"https:\/\/api.w.org\/{rel}","templated":true}]}}