{"id":89159,"date":"2026-02-20T10:14:48","date_gmt":"2026-02-20T07:14:48","guid":{"rendered":"https:\/\/www.egemtv.com\/?p=89159"},"modified":"2026-02-20T10:14:49","modified_gmt":"2026-02-20T07:14:49","slug":"kaymakam-abay-ramazanin-ilk-iftarinda-ogrencilerle-bulustu","status":"publish","type":"post","link":"https:\/\/www.egemtv.com\/?p=89159","title":{"rendered":"Kaymakam Abay, Ramazan\u2019\u0131n ilk iftar\u0131nda \u00f6\u011frencilerle bulu\u015ftu"},"content":{"rendered":"<p>Ayd\u0131n\u2019\u0131n \u0130ncirliova il\u00e7esinde Ramazan ay\u0131n\u0131n ilk iftar program\u0131 kapsam\u0131nda Kaymakam \u0130lhan Abay, \u0130ncirliova Spor Lisesi Pansiyonu\u2019nda d\u00fczenlenen iftar program\u0131nda \u0130l\u00e7e Milli E\u011fitim M\u00fcd\u00fcr\u00fc, \u00f6\u011fretmenler ve \u00f6\u011frencilerle bir araya geldi.<\/p>\n<p>Ramazan ay\u0131n\u0131n manevi atmosferinde ger\u00e7ekle\u015ftirilen programda \u00f6\u011frencilerle yak\u0131ndan ilgilenen Kaymakam Abay, birlik ve beraberlik mesajlar\u0131 verdi. \u00d6\u011frencilerle sohbet eden Abay, e\u011fitim hayatlar\u0131nda ba\u015far\u0131lar dileyerek Ramazan ay\u0131n\u0131n payla\u015fma ve dayan\u0131\u015fma ruhuna dikkat \u00e7ekti. Okul pansiyonunda kurulan iftar sofras\u0131nda \u00f6\u011fretmenler ve \u00f6\u011frencilerle birlikte orucunu a\u00e7an Kaymakam Abay, eme\u011fi ge\u00e7enlere te\u015fekk\u00fcr etti.<\/p>\n<p>Program, yap\u0131lan dua ve hat\u0131ra foto\u011fraf\u0131 \u00e7ekimi ile sona erdi.<br \/><\/p>\n","protected":false},"excerpt":{"rendered":"<p>Ayd\u0131n\u2019\u0131n \u0130ncirliova il\u00e7esinde Ramazan ay\u0131n\u0131n ilk iftar program\u0131 kapsam\u0131nda Kaymakam \u0130lhan Abay, \u0130ncirliova Spor Lisesi Pansiyonu\u2019nda d\u00fczenlenen iftar program\u0131nda \u0130l\u00e7e Milli E\u011fitim M\u00fcd\u00fcr\u00fc, \u00f6\u011fretmenler ve \u00f6\u011frencilerle bir araya geldi. Ramazan ay\u0131n\u0131n manevi atmosferinde ger\u00e7ekle\u015ftirilen programda \u00f6\u011frencilerle yak\u0131ndan ilgilenen Kaymakam Abay, birlik ve beraberlik mesajlar\u0131 verdi. \u00d6\u011frencilerle sohbet eden Abay, e\u011fitim hayatlar\u0131nda ba\u015far\u0131lar dileyerek Ramazan ay\u0131n\u0131n&#8230;<\/p>\n","protected":false},"author":1,"featured_media":89160,"comment_status":"open","ping_status":"open","sticky":false,"template":"","format":"standard","meta":{"_crdt_document":"","footnotes":""},"categories":[1],"tags":[],"class_list":["post-89159","post","type-post","status-publish","format-standard","has-post-thumbnail","hentry","category-guncel"],"_links":{"self":[{"href":"https:\/\/www.egemtv.com\/index.php?rest_route=\/wp\/v2\/posts\/89159","targetHints":{"allow":["GET"]}}],"collection":[{"href":"https:\/\/www.egemtv.com\/index.php?rest_route=\/wp\/v2\/posts"}],"about":[{"href":"https:\/\/www.egemtv.com\/index.php?rest_route=\/wp\/v2\/types\/post"}],"author":[{"embeddable":true,"href":"https:\/\/www.egemtv.com\/index.php?rest_route=\/wp\/v2\/users\/1"}],"replies":[{"embeddable":true,"href":"https:\/\/www.egemtv.com\/index.php?rest_route=%2Fwp%2Fv2%2Fcomments&post=89159"}],"version-history":[{"count":1,"href":"https:\/\/www.egemtv.com\/index.php?rest_route=\/wp\/v2\/posts\/89159\/revisions"}],"predecessor-version":[{"id":89161,"href":"https:\/\/www.egemtv.com\/index.php?rest_route=\/wp\/v2\/posts\/89159\/revisions\/89161"}],"wp:featuredmedia":[{"embeddable":true,"href":"https:\/\/www.egemtv.com\/index.php?rest_route=\/wp\/v2\/media\/89160"}],"wp:attachment":[{"href":"https:\/\/www.egemtv.com\/index.php?rest_route=%2Fwp%2Fv2%2Fmedia&parent=89159"}],"wp:term":[{"taxonomy":"category","embeddable":true,"href":"https:\/\/www.egemtv.com\/index.php?rest_route=%2Fwp%2Fv2%2Fcategories&post=89159"},{"taxonomy":"post_tag","embeddable":true,"href":"https:\/\/www.egemtv.com\/index.php?rest_route=%2Fwp%2Fv2%2Ftags&post=89159"}],"curies":[{"name":"wp","href":"https:\/\/api.w.org\/{rel}","templated":true}]}}