{"id":89156,"date":"2026-02-20T10:14:46","date_gmt":"2026-02-20T07:14:46","guid":{"rendered":"https:\/\/www.egemtv.com\/?p=89156"},"modified":"2026-02-20T10:14:47","modified_gmt":"2026-02-20T07:14:47","slug":"didimde-vatandaslar-didim-belediyesinin-iftar-sofralarinda-bir-araya-geldi","status":"publish","type":"post","link":"https:\/\/www.egemtv.com\/?p=89156","title":{"rendered":"Didim\u2019de vatanda\u015flar, Didim Belediyesi\u2019nin iftar sofralar\u0131nda bir araya geldi"},"content":{"rendered":"<p>Ramazan ay\u0131 dolay\u0131s\u0131yla Didim Belediyesi taraf\u0131ndan d\u00fczenlenen geleneksel iftar programlar\u0131 ba\u015flad\u0131. \u0130lk iftar organizasyonu, Didim Kent Lokantas\u0131 \u00f6n\u00fcnde halk\u0131n yo\u011fun kat\u0131l\u0131m\u0131yla ger\u00e7ekle\u015ftirildi.<\/p>\n<p>\u0130ftar yeme\u011fine Didim Belediye Ba\u015fkan\u0131 Hatice Gen\u00e7ay, belediye ba\u015fkan yard\u0131mc\u0131lar\u0131 ve belediye birim amirleri kat\u0131ld\u0131. Programda Didimlilere yemek ikram\u0131nda bulunan Ba\u015fkan Hatice Gen\u00e7ay, ezan\u0131n okunmas\u0131n\u0131n ard\u0131ndan iftar\u0131n\u0131 halkla birlikte a\u00e7t\u0131. Birlik, beraberlik ve dayan\u0131\u015fma duygular\u0131n\u0131n \u00f6ne \u00e7\u0131kt\u0131\u011f\u0131 programda Ba\u015fkan Hatice Gen\u00e7ay, masalar\u0131 tek tek dola\u015farak halk\u0131n Ramazan ay\u0131n\u0131 kutlad\u0131. \u0130ftar\u0131n ard\u0131ndan Ramazan ay\u0131 dolay\u0131s\u0131yla \u00e7ocuklara y\u00f6nelik etkinlikler d\u00fczenlendi. Program kapsam\u0131nda semazen g\u00f6sterisi ger\u00e7ekle\u015ftirildi; \u00e7ocuklara pamuk \u015feker ve macun ikram edildi.<\/p>\n<p>Ramazan ay\u0131n\u0131n birlik, beraberlik ve dayan\u0131\u015fma ay\u0131 oldu\u011funu vurgulayan Ba\u015fkan Hatice Gen\u00e7ay, &#8220;Ayn\u0131 sofrada bulu\u015fman\u0131n, lokmam\u0131z\u0131 payla\u015fman\u0131n manevi huzurunu hep birlikte ya\u015f\u0131yoruz. Didim Belediyesi olarak Ramazan ay\u0131 i\u00e7erisinde farkl\u0131 mahallelerimizde iftar sofralar\u0131 kurarak halk\u0131m\u0131zla bir araya gelmeye devam edece\u011fiz. T\u00fcm halk\u0131m\u0131za hay\u0131rl\u0131, huzurlu ve bereketli bir Ramazan diliyorum&#8221; ifadelerini kulland\u0131.<br \/><\/p>\n","protected":false},"excerpt":{"rendered":"<p>Ramazan ay\u0131 dolay\u0131s\u0131yla Didim Belediyesi taraf\u0131ndan d\u00fczenlenen geleneksel iftar programlar\u0131 ba\u015flad\u0131. \u0130lk iftar organizasyonu, Didim Kent Lokantas\u0131 \u00f6n\u00fcnde halk\u0131n yo\u011fun kat\u0131l\u0131m\u0131yla ger\u00e7ekle\u015ftirildi. \u0130ftar yeme\u011fine Didim Belediye Ba\u015fkan\u0131 Hatice Gen\u00e7ay, belediye ba\u015fkan yard\u0131mc\u0131lar\u0131 ve belediye birim amirleri kat\u0131ld\u0131. Programda Didimlilere yemek ikram\u0131nda bulunan Ba\u015fkan Hatice Gen\u00e7ay, ezan\u0131n okunmas\u0131n\u0131n ard\u0131ndan iftar\u0131n\u0131 halkla birlikte a\u00e7t\u0131. Birlik, beraberlik ve&#8230;<\/p>\n","protected":false},"author":1,"featured_media":89157,"comment_status":"open","ping_status":"open","sticky":false,"template":"","format":"standard","meta":{"_crdt_document":"","footnotes":""},"categories":[1],"tags":[],"class_list":["post-89156","post","type-post","status-publish","format-standard","has-post-thumbnail","hentry","category-guncel"],"_links":{"self":[{"href":"https:\/\/www.egemtv.com\/index.php?rest_route=\/wp\/v2\/posts\/89156","targetHints":{"allow":["GET"]}}],"collection":[{"href":"https:\/\/www.egemtv.com\/index.php?rest_route=\/wp\/v2\/posts"}],"about":[{"href":"https:\/\/www.egemtv.com\/index.php?rest_route=\/wp\/v2\/types\/post"}],"author":[{"embeddable":true,"href":"https:\/\/www.egemtv.com\/index.php?rest_route=\/wp\/v2\/users\/1"}],"replies":[{"embeddable":true,"href":"https:\/\/www.egemtv.com\/index.php?rest_route=%2Fwp%2Fv2%2Fcomments&post=89156"}],"version-history":[{"count":1,"href":"https:\/\/www.egemtv.com\/index.php?rest_route=\/wp\/v2\/posts\/89156\/revisions"}],"predecessor-version":[{"id":89158,"href":"https:\/\/www.egemtv.com\/index.php?rest_route=\/wp\/v2\/posts\/89156\/revisions\/89158"}],"wp:featuredmedia":[{"embeddable":true,"href":"https:\/\/www.egemtv.com\/index.php?rest_route=\/wp\/v2\/media\/89157"}],"wp:attachment":[{"href":"https:\/\/www.egemtv.com\/index.php?rest_route=%2Fwp%2Fv2%2Fmedia&parent=89156"}],"wp:term":[{"taxonomy":"category","embeddable":true,"href":"https:\/\/www.egemtv.com\/index.php?rest_route=%2Fwp%2Fv2%2Fcategories&post=89156"},{"taxonomy":"post_tag","embeddable":true,"href":"https:\/\/www.egemtv.com\/index.php?rest_route=%2Fwp%2Fv2%2Ftags&post=89156"}],"curies":[{"name":"wp","href":"https:\/\/api.w.org\/{rel}","templated":true}]}}