{"id":89153,"date":"2026-02-20T07:54:36","date_gmt":"2026-02-20T04:54:36","guid":{"rendered":"https:\/\/www.egemtv.com\/?p=89153"},"modified":"2026-02-20T07:54:36","modified_gmt":"2026-02-20T04:54:36","slug":"vali-aktas-ramazanin-ilk-iftarinda-sehit-yakinlari-ve-gazilerle-bir-araya-geldi","status":"publish","type":"post","link":"https:\/\/www.egemtv.com\/?p=89153","title":{"rendered":"Vali Akta\u015f, Ramazan\u2019\u0131n ilk iftar\u0131nda \u015fehit yak\u0131nlar\u0131 ve gazilerle bir araya geldi"},"content":{"rendered":"<p>U\u015fak Valisi Naci Akta\u015f, Aile ve Sosyal Hizmetler \u0130l M\u00fcd\u00fcrl\u00fc\u011f\u00fc koordinasyonunda kurulan \u2018B\u00fcy\u00fck Aile Sofralar\u0131\u2019 kapsam\u0131nda Ramazan\u2019\u0131n ilk iftar\u0131nda \u015fehit yak\u0131nlar\u0131, gaziler ve gazi yak\u0131nlar\u0131 ile bir araya geldi.<br \/>\n<br \/>U\u015fak Valisi Naci Akta\u015f ve e\u015fi Nagihan Akta\u015f han\u0131mefendi, Aile ve Sosyal Hizmetler \u0130l M\u00fcd\u00fcrl\u00fc\u011f\u00fc koordinasyonunda kurulan \u2018B\u00fcy\u00fck Aile Sofralar\u0131\u2019 kapsam\u0131nda \u00f6zel bir d\u00fc\u011f\u00fcn salonunda d\u00fczenlenen yemek program\u0131nda \u015fehit yak\u0131nlar\u0131, gaziler ve gazi yak\u0131nlar\u0131 ile bulu\u015ftu.<br \/>\n<br \/>Programa Vali Naci Akta\u015f ve e\u015fi Nagihan Akta\u015f\u2019\u0131n yan\u0131 s\u0131ra U\u015fak AK Parti Milletvekili Fahrettin Tu\u011frul, CHP U\u015fak Milletvekili Ali Karaoba, \u0130l Emniyet M\u00fcd\u00fcr\u00fc Taner \u00c7ift\u00e7i, \u0130l Jandarma Komutan\u0131 K\u0131demli Albay \u00d6zg\u00fcr K\u0131l\u0131\u00e7, U\u015fak Belediye Ba\u015fkan\u0131 \u00d6zkan Yal\u0131m, kurum m\u00fcd\u00fcrleri, siyasi parti ve sivil toplum kurulu\u015flar\u0131n\u0131n temsilcileri ile \u015fehit yak\u0131nlar\u0131, gaziler ve gazi yak\u0131nlar\u0131 kat\u0131ld\u0131.<br \/>\n<br \/>Programda konu\u015fan Vali Akta\u015f; &#8220;Ay y\u0131ld\u0131zl\u0131 al bayra\u011f\u0131m\u0131z\u0131n g\u00f6lgesinde devletimizi ilelebet ya\u015fatmak, aziz milletimizi her daim muzaffer k\u0131lmak ve b\u00fcy\u00fck ve g\u00fc\u00e7l\u00fc T\u00fcrkiye idealini ger\u00e7e\u011fe d\u00f6n\u00fc\u015ft\u00fcrmek i\u00e7in kararl\u0131l\u0131kla \u00e7al\u0131\u015f\u0131yoruz. \u00d6zellikle Ter\u00f6rs\u00fcz T\u00fcrkiye hedefi do\u011frultusunda, huzurun, g\u00fcvenli\u011fin ve karde\u015fli\u011fin h\u00e2kim oldu\u011fu bir gelece\u011fi in\u015fa etmek en temel sorumlulu\u011fumuzdur. K\u0131ymetli ailelerimiz ve kahraman gazilerimiz, sizler, bu milletin en a\u011f\u0131r y\u00fck\u00fcn\u00fc omuzlar\u0131nda ta\u015f\u0131yan, sabr\u0131n ve metanetin en anlaml\u0131 \u00f6rne\u011fini sergileyen y\u00fcce g\u00f6n\u00fcll\u00fc insanlars\u0131n\u0131z. B\u00fcy\u00fck emeklerle yeti\u015ftirdi\u011finiz, g\u00f6z\u00fcn\u00fcz gibi sak\u0131nd\u0131\u011f\u0131n\u0131z evlatlar\u0131n\u0131z\u0131 bu vatan u\u011fruna topra\u011fa verdiniz. Elbette o ac\u0131n\u0131n tarifi yoktur. Ancak bilin ki sizin evlad\u0131n\u0131z seksen alt\u0131 milyonun da evlad\u0131d\u0131r. Ba\u015fta \u015fahs\u0131m olmak \u00fczere t\u00fcm mesai arkada\u015flar\u0131mla her zaman yan\u0131n\u0131zda ve destek\u00e7iniz olmaya devam edece\u011fimizi \u00f6zellikle ifade etmek isterim.&#8221; dedi.<br \/>\n<br \/>\u00d6te yandan, programda U\u015fak AK Parti Milletvekili Fahrettin Tu\u011frul, CHP U\u015fak Milletvekili Ali Karaoba ve Belediye Ba\u015fkan\u0131 \u00d6zkan Yal\u0131m\u2019da birer konu\u015fma yapt\u0131.<br \/><\/p>\n","protected":false},"excerpt":{"rendered":"<p>U\u015fak Valisi Naci Akta\u015f, Aile ve Sosyal Hizmetler \u0130l M\u00fcd\u00fcrl\u00fc\u011f\u00fc koordinasyonunda kurulan \u2018B\u00fcy\u00fck Aile Sofralar\u0131\u2019 kapsam\u0131nda Ramazan\u2019\u0131n ilk iftar\u0131nda \u015fehit yak\u0131nlar\u0131, gaziler ve gazi yak\u0131nlar\u0131 ile bir araya geldi. U\u015fak Valisi Naci Akta\u015f ve e\u015fi Nagihan Akta\u015f han\u0131mefendi, Aile ve Sosyal Hizmetler \u0130l M\u00fcd\u00fcrl\u00fc\u011f\u00fc koordinasyonunda kurulan \u2018B\u00fcy\u00fck Aile Sofralar\u0131\u2019 kapsam\u0131nda \u00f6zel bir d\u00fc\u011f\u00fcn salonunda d\u00fczenlenen&#8230;<\/p>\n","protected":false},"author":1,"featured_media":89154,"comment_status":"open","ping_status":"open","sticky":false,"template":"","format":"standard","meta":{"_crdt_document":"","footnotes":""},"categories":[123],"tags":[],"class_list":["post-89153","post","type-post","status-publish","format-standard","has-post-thumbnail","hentry","category-gundem"],"_links":{"self":[{"href":"https:\/\/www.egemtv.com\/index.php?rest_route=\/wp\/v2\/posts\/89153","targetHints":{"allow":["GET"]}}],"collection":[{"href":"https:\/\/www.egemtv.com\/index.php?rest_route=\/wp\/v2\/posts"}],"about":[{"href":"https:\/\/www.egemtv.com\/index.php?rest_route=\/wp\/v2\/types\/post"}],"author":[{"embeddable":true,"href":"https:\/\/www.egemtv.com\/index.php?rest_route=\/wp\/v2\/users\/1"}],"replies":[{"embeddable":true,"href":"https:\/\/www.egemtv.com\/index.php?rest_route=%2Fwp%2Fv2%2Fcomments&post=89153"}],"version-history":[{"count":1,"href":"https:\/\/www.egemtv.com\/index.php?rest_route=\/wp\/v2\/posts\/89153\/revisions"}],"predecessor-version":[{"id":89155,"href":"https:\/\/www.egemtv.com\/index.php?rest_route=\/wp\/v2\/posts\/89153\/revisions\/89155"}],"wp:featuredmedia":[{"embeddable":true,"href":"https:\/\/www.egemtv.com\/index.php?rest_route=\/wp\/v2\/media\/89154"}],"wp:attachment":[{"href":"https:\/\/www.egemtv.com\/index.php?rest_route=%2Fwp%2Fv2%2Fmedia&parent=89153"}],"wp:term":[{"taxonomy":"category","embeddable":true,"href":"https:\/\/www.egemtv.com\/index.php?rest_route=%2Fwp%2Fv2%2Fcategories&post=89153"},{"taxonomy":"post_tag","embeddable":true,"href":"https:\/\/www.egemtv.com\/index.php?rest_route=%2Fwp%2Fv2%2Ftags&post=89153"}],"curies":[{"name":"wp","href":"https:\/\/api.w.org\/{rel}","templated":true}]}}