{"id":89114,"date":"2026-02-19T18:34:55","date_gmt":"2026-02-19T15:34:55","guid":{"rendered":"https:\/\/www.egemtv.com\/?p=89114"},"modified":"2026-02-19T18:34:57","modified_gmt":"2026-02-19T15:34:57","slug":"alacatida-sakizin-70-yillik-gecmisini-anlattilar","status":"publish","type":"post","link":"https:\/\/www.egemtv.com\/?p=89114","title":{"rendered":"Ala\u00e7at\u0131\u2019da, sak\u0131z\u0131n 70 y\u0131ll\u0131k ge\u00e7mi\u015fini anlatt\u0131lar"},"content":{"rendered":"<p>\u0130zmir Ala\u00e7at\u0131\u2019da sak\u0131z \u00fcretiminin 70 y\u0131ll\u0131k ge\u00e7mi\u015fi, \u00fcreticilerin tan\u0131kl\u0131klar\u0131yla g\u00fcn y\u00fcz\u00fcne \u00e7\u0131kt\u0131. \u00d6zdemir Kanga ve Selahattin Kanga karde\u015fler ile sak\u0131z \u00fcreticileri \u0130brahim Topal ve Hasan Ege T\u00fct\u00fcnc\u00fco\u011flu, ge\u00e7mi\u015ften bug\u00fcne uzanan \u00fcretim tekniklerini ve hat\u0131ralar\u0131n\u0131 payla\u015ft\u0131.<br \/>\n<br \/>Sak\u0131zlar Restoran\u2019da d\u00fczenlenen s\u00f6yle\u015finin a\u00e7\u0131l\u0131\u015f konu\u015fmas\u0131n\u0131 yapan sak\u0131z \u00fcreticisi \u0130brahim Topal, Sak\u0131zlar Bah\u00e7esi\u2019nin yaln\u0131zca bir \u00fcretim alan\u0131 de\u011fil, ayn\u0131 zamanda Ala\u00e7at\u0131\u2019n\u0131n sosyal ya\u015fam\u0131nda \u00f6nemli bir bulu\u015fma noktas\u0131 oldu\u011funu vurgulad\u0131. 1950\u2019li y\u0131llarda H\u0131d\u0131rellez kutlamalar\u0131n\u0131n burada panay\u0131r havas\u0131nda ge\u00e7ti\u011fini hat\u0131rlatan Topal, &#8220;Sak\u0131zlar hem \u00fcretim merkeziydi hem de insanlar\u0131n topland\u0131\u011f\u0131 nadir alanlardan biriydi&#8221; dedi.<\/p>\n<p>13 ya\u015f\u0131nda sak\u0131z tar\u0131m\u0131<br \/>\n<br \/>1941 do\u011fumlu \u00d6zdemir Kanga, hen\u00fcz 13\u201314 ya\u015flar\u0131ndayken R\u0131za Ertan\u2019a ait Sak\u0131z Bah\u00e7esi\u2019nde \u00e7al\u0131\u015fmaya ba\u015flad\u0131\u011f\u0131n\u0131 anlatt\u0131. Sak\u0131z \u00fcretiminin b\u00fcy\u00fck bir titizlik ve sab\u0131r gerektirdi\u011fini belirten Kanga, a\u011fa\u00e7lar\u0131n \u00f6zel tornavidalarla, belirli aral\u0131klarla ve belli y\u00fckseklikten delinerek re\u00e7ine ak\u0131\u015f\u0131n\u0131n sa\u011fland\u0131\u011f\u0131n\u0131 ifade etti. A\u011fa\u00e7lar\u0131n &#8220;bilek dal\u0131&#8221; olarak adland\u0131r\u0131lan k\u0131sm\u0131n\u0131n \u00fcst\u00fcne \u00e7\u0131k\u0131lmamas\u0131 gerekti\u011fini, aksi halde a\u011fac\u0131n kuruyabilece\u011fini s\u00f6yleyen Kanga, gen\u00e7 a\u011fa\u00e7lar\u0131n daha verimli oldu\u011funu vurgulad\u0131. Yanl\u0131\u015f budama ve bilin\u00e7siz m\u00fcdahalelerin sak\u0131z a\u011fa\u00e7lar\u0131na zarar verdi\u011fini aktaran Kanga, o d\u00f6nem Sak\u0131z Adas\u0131\u2019ndan gelen uzmanlar\u0131n havai k\u00f6klendirme y\u00f6ntemini uygulamal\u0131 olarak g\u00f6sterdi\u011fini de anlatt\u0131.<\/p>\n<p>Pirin\u00e7 ay\u0131klar gibi sak\u0131z temizledik<br \/>\n<br \/>Selahattin Kanga ise sak\u0131z\u0131n toplanmas\u0131ndan pazarlanmas\u0131na kadar ge\u00e7en s\u00fcreci ayr\u0131nt\u0131lar\u0131yla payla\u015ft\u0131. Toplanan re\u00e7inenin belediye binas\u0131 kar\u015f\u0131s\u0131ndaki k\u00fc\u00e7\u00fck bir alanda mu\u015famba \u00fczerinde kurutuldu\u011funu belirten Kanga, &#8220;Pirin\u00e7 ay\u0131klar gibi ta\u015f\u0131n\u0131 ay\u0131klard\u0131k. Temizlenen sak\u0131zlar\u0131 k\u00fc\u00e7\u00fck testilere doldururduk. \u0130zmir\u2019de \u00f6yle sat\u0131l\u0131rd\u0131&#8221; dedi. Bir sezonda 30\u201335 kilogram\u0131 bulan \u00fcretim yapt\u0131klar\u0131n\u0131 ifade eden Kanga, gen\u00e7 a\u011fa\u00e7lar\u0131n ilk delindi\u011finde k\u00fc\u00e7\u00fck par\u00e7alar halinde yo\u011fun re\u00e7ine verdi\u011fini, ancak ya\u015flanan a\u011fa\u00e7larda verimin d\u00fc\u015ft\u00fc\u011f\u00fcn\u00fc dile getirdi. Sak\u0131z\u0131n yapra\u011f\u0131n\u0131n sertli\u011fi ve k\u0131r\u0131lganl\u0131\u011f\u0131n\u0131n da kalite g\u00f6stergesi oldu\u011funu s\u00f6yledi.<\/p>\n<p>Modern y\u00f6ntemlerle 5 y\u0131lda \u00fcr\u00fcn<br \/>\n<br \/>Sak\u0131z \u00fcreticisi \u0130brahim Topal ise g\u00fcn\u00fcm\u00fczde \u00fcretim tekniklerinin geli\u015fti\u011fini belirtti. Ge\u00e7mi\u015fte iki y\u0131l s\u00fcren k\u00f6klendirme s\u00fcrecinin art\u0131k havai k\u00f6klendirme y\u00f6ntemiyle 6 aya kadar indirilebildi\u011fini aktaran Topal, &#8220;15 y\u0131lda \u00fcr\u00fcn verir denilen a\u011fa\u00e7lardan 5\u20136 y\u0131lda \u00fcr\u00fcn almay\u0131 hedefliyoruz&#8221; dedi. Sak\u0131z a\u011fac\u0131n\u0131n kayal\u0131k ve serin topraklarda daha iyi tutundu\u011funu, 20\u201325 metreye kadar k\u00f6k salabildi\u011fini ifade eden Topal, \u00fcretim s\u00fcrecini h\u0131zland\u0131rmaya y\u00f6nelik \u00e7al\u0131\u015fmalar\u0131n s\u00fcrd\u00fc\u011f\u00fcn\u00fc belirtti.<\/p>\n<p>\u00c7e\u015fme\u2019de 25 bin yeni a\u011fa\u00e7<br \/>\n<br \/>Sak\u0131z \u00fcreticisi Hasan Ege T\u00fct\u00fcnc\u00fco\u011flu da tarihi kay\u0131tlara g\u00f6re 16. y\u00fczy\u0131ldan 19. y\u00fczy\u0131la kadar \u00c7e\u015fme\u2019de \u00f6nemli miktarda sak\u0131z \u00fcretildi\u011fini, \u00fcr\u00fcn\u00fcn vak\u0131flar eliyle y\u00f6netildi\u011fini anlatt\u0131. G\u00fcn\u00fcm\u00fczde ise yeniden canland\u0131rma \u00e7al\u0131\u015fmalar\u0131 kapsam\u0131nda iki y\u0131lda yakla\u015f\u0131k 25 bin sak\u0131z a\u011fac\u0131n\u0131n dikildi\u011fini a\u00e7\u0131klad\u0131. Belediyenin g\u00f6sterdi\u011fi ye\u015fil alanlara 12 bin, devlet taraf\u0131ndan tahsis edilen alanlara 10 bin, \u00f6zel m\u00fclkiyetlere ise yakla\u015f\u0131k 3 bin fidan dikildi\u011fini belirten T\u00fct\u00fcnc\u00fco\u011flu, dikilmeyi bekleyen 25 bin fidan daha bulundu\u011funu s\u00f6yledi. Kamu arazilerinin tahsisi konusunda s\u00fcre\u00e7lerin devam etti\u011fini ifade eden T\u00fct\u00fcnc\u00fco\u011flu, uygun alan sa\u011flanmas\u0131 halinde \u00c7e\u015fme\u2019de sak\u0131z \u00fcretiminin yeniden g\u00fc\u00e7l\u00fc bir ekonomik de\u011fer haline gelebilece\u011fini dile getirdi.<br \/>\n<br \/>S\u00f6yle\u015fi, Ala\u00e7at\u0131\u2019n\u0131n ge\u00e7mi\u015findeki \u00fcretim k\u00fclt\u00fcr\u00fcn\u00fc hat\u0131rlat\u0131rken, sak\u0131z\u0131n yeniden b\u00f6lgenin sembolik ve ekonomik de\u011ferlerinden biri olmas\u0131 y\u00f6n\u00fcndeki umutlar\u0131 da g\u00fc\u00e7lendirdi.<br \/><\/p>\n","protected":false},"excerpt":{"rendered":"<p>\u0130zmir Ala\u00e7at\u0131\u2019da sak\u0131z \u00fcretiminin 70 y\u0131ll\u0131k ge\u00e7mi\u015fi, \u00fcreticilerin tan\u0131kl\u0131klar\u0131yla g\u00fcn y\u00fcz\u00fcne \u00e7\u0131kt\u0131. \u00d6zdemir Kanga ve Selahattin Kanga karde\u015fler ile sak\u0131z \u00fcreticileri \u0130brahim Topal ve Hasan Ege T\u00fct\u00fcnc\u00fco\u011flu, ge\u00e7mi\u015ften bug\u00fcne uzanan \u00fcretim tekniklerini ve hat\u0131ralar\u0131n\u0131 payla\u015ft\u0131. Sak\u0131zlar Restoran\u2019da d\u00fczenlenen s\u00f6yle\u015finin a\u00e7\u0131l\u0131\u015f konu\u015fmas\u0131n\u0131 yapan sak\u0131z \u00fcreticisi \u0130brahim Topal, Sak\u0131zlar Bah\u00e7esi\u2019nin yaln\u0131zca bir \u00fcretim alan\u0131 de\u011fil, ayn\u0131 zamanda&#8230;<\/p>\n","protected":false},"author":1,"featured_media":89115,"comment_status":"open","ping_status":"open","sticky":false,"template":"","format":"standard","meta":{"_crdt_document":"","footnotes":""},"categories":[1],"tags":[],"class_list":["post-89114","post","type-post","status-publish","format-standard","has-post-thumbnail","hentry","category-guncel"],"_links":{"self":[{"href":"https:\/\/www.egemtv.com\/index.php?rest_route=\/wp\/v2\/posts\/89114","targetHints":{"allow":["GET"]}}],"collection":[{"href":"https:\/\/www.egemtv.com\/index.php?rest_route=\/wp\/v2\/posts"}],"about":[{"href":"https:\/\/www.egemtv.com\/index.php?rest_route=\/wp\/v2\/types\/post"}],"author":[{"embeddable":true,"href":"https:\/\/www.egemtv.com\/index.php?rest_route=\/wp\/v2\/users\/1"}],"replies":[{"embeddable":true,"href":"https:\/\/www.egemtv.com\/index.php?rest_route=%2Fwp%2Fv2%2Fcomments&post=89114"}],"version-history":[{"count":1,"href":"https:\/\/www.egemtv.com\/index.php?rest_route=\/wp\/v2\/posts\/89114\/revisions"}],"predecessor-version":[{"id":89116,"href":"https:\/\/www.egemtv.com\/index.php?rest_route=\/wp\/v2\/posts\/89114\/revisions\/89116"}],"wp:featuredmedia":[{"embeddable":true,"href":"https:\/\/www.egemtv.com\/index.php?rest_route=\/wp\/v2\/media\/89115"}],"wp:attachment":[{"href":"https:\/\/www.egemtv.com\/index.php?rest_route=%2Fwp%2Fv2%2Fmedia&parent=89114"}],"wp:term":[{"taxonomy":"category","embeddable":true,"href":"https:\/\/www.egemtv.com\/index.php?rest_route=%2Fwp%2Fv2%2Fcategories&post=89114"},{"taxonomy":"post_tag","embeddable":true,"href":"https:\/\/www.egemtv.com\/index.php?rest_route=%2Fwp%2Fv2%2Ftags&post=89114"}],"curies":[{"name":"wp","href":"https:\/\/api.w.org\/{rel}","templated":true}]}}