{"id":89111,"date":"2026-02-19T17:15:24","date_gmt":"2026-02-19T14:15:24","guid":{"rendered":"https:\/\/www.egemtv.com\/?p=89111"},"modified":"2026-02-19T17:15:25","modified_gmt":"2026-02-19T14:15:25","slug":"baskan-eyup-kahveciden-112-acil-cagri-merkezi-personeline-tebrik","status":"publish","type":"post","link":"https:\/\/www.egemtv.com\/?p=89111","title":{"rendered":"Ba\u015fkan Ey\u00fcp Kahveci\u2019den 112 Acil \u00c7a\u011fr\u0131 Merkezi personeline tebrik"},"content":{"rendered":"<p>K\u00fctahya Belediye Ba\u015fkan\u0131 Ey\u00fcp Kahveci, K\u00fctahya 112 Acil \u00c7a\u011fr\u0131 Merkezi M\u00fcd\u00fcrl\u00fc\u011f\u00fc\u2019n\u00fc ziyaret etti.<br \/>\n<br \/>Ziyaret kapsam\u0131nda 112 Acil \u00c7a\u011fr\u0131 Merkezi M\u00fcd\u00fcr\u00fc Tamer Yi\u011fit ile bir araya gelen Ba\u015fkan Kahveci, kurumlar aras\u0131 koordinasyonun g\u00fc\u00e7lendirilmesi, acil durumlarda h\u0131zl\u0131 ve etkin m\u00fcdahale s\u00fcre\u00e7lerinin geli\u015ftirilmesi ile vatanda\u015flara sunulan hizmet kalitesinin art\u0131r\u0131lmas\u0131 konular\u0131nda de\u011ferlendirmelerde bulundu.<br \/>\n<br \/>Ba\u015fkan Kahveci, nazik ev sahipli\u011fi ve payla\u015f\u0131mlar\u0131 dolay\u0131s\u0131yla M\u00fcd\u00fcr Yi\u011fit\u2019e te\u015fekk\u00fcr ederek, hayati \u00f6neme sahip g\u00f6revlerini \u00f6zveriyle s\u00fcrd\u00fcren 112 Acil \u00c7a\u011fr\u0131 Merkezi personeline \u00e7al\u0131\u015fmalar\u0131nda kolayl\u0131klar diledi.<br \/><\/p>\n","protected":false},"excerpt":{"rendered":"<p>K\u00fctahya Belediye Ba\u015fkan\u0131 Ey\u00fcp Kahveci, K\u00fctahya 112 Acil \u00c7a\u011fr\u0131 Merkezi M\u00fcd\u00fcrl\u00fc\u011f\u00fc\u2019n\u00fc ziyaret etti. Ziyaret kapsam\u0131nda 112 Acil \u00c7a\u011fr\u0131 Merkezi M\u00fcd\u00fcr\u00fc Tamer Yi\u011fit ile bir araya gelen Ba\u015fkan Kahveci, kurumlar aras\u0131 koordinasyonun g\u00fc\u00e7lendirilmesi, acil durumlarda h\u0131zl\u0131 ve etkin m\u00fcdahale s\u00fcre\u00e7lerinin geli\u015ftirilmesi ile vatanda\u015flara sunulan hizmet kalitesinin art\u0131r\u0131lmas\u0131 konular\u0131nda de\u011ferlendirmelerde bulundu. Ba\u015fkan Kahveci, nazik ev sahipli\u011fi ve&#8230;<\/p>\n","protected":false},"author":1,"featured_media":89112,"comment_status":"open","ping_status":"open","sticky":false,"template":"","format":"standard","meta":{"_crdt_document":"","footnotes":""},"categories":[123],"tags":[],"class_list":["post-89111","post","type-post","status-publish","format-standard","has-post-thumbnail","hentry","category-gundem"],"_links":{"self":[{"href":"https:\/\/www.egemtv.com\/index.php?rest_route=\/wp\/v2\/posts\/89111","targetHints":{"allow":["GET"]}}],"collection":[{"href":"https:\/\/www.egemtv.com\/index.php?rest_route=\/wp\/v2\/posts"}],"about":[{"href":"https:\/\/www.egemtv.com\/index.php?rest_route=\/wp\/v2\/types\/post"}],"author":[{"embeddable":true,"href":"https:\/\/www.egemtv.com\/index.php?rest_route=\/wp\/v2\/users\/1"}],"replies":[{"embeddable":true,"href":"https:\/\/www.egemtv.com\/index.php?rest_route=%2Fwp%2Fv2%2Fcomments&post=89111"}],"version-history":[{"count":1,"href":"https:\/\/www.egemtv.com\/index.php?rest_route=\/wp\/v2\/posts\/89111\/revisions"}],"predecessor-version":[{"id":89113,"href":"https:\/\/www.egemtv.com\/index.php?rest_route=\/wp\/v2\/posts\/89111\/revisions\/89113"}],"wp:featuredmedia":[{"embeddable":true,"href":"https:\/\/www.egemtv.com\/index.php?rest_route=\/wp\/v2\/media\/89112"}],"wp:attachment":[{"href":"https:\/\/www.egemtv.com\/index.php?rest_route=%2Fwp%2Fv2%2Fmedia&parent=89111"}],"wp:term":[{"taxonomy":"category","embeddable":true,"href":"https:\/\/www.egemtv.com\/index.php?rest_route=%2Fwp%2Fv2%2Fcategories&post=89111"},{"taxonomy":"post_tag","embeddable":true,"href":"https:\/\/www.egemtv.com\/index.php?rest_route=%2Fwp%2Fv2%2Ftags&post=89111"}],"curies":[{"name":"wp","href":"https:\/\/api.w.org\/{rel}","templated":true}]}}