{"id":89108,"date":"2026-02-19T17:15:23","date_gmt":"2026-02-19T14:15:23","guid":{"rendered":"https:\/\/www.egemtv.com\/?p=89108"},"modified":"2026-02-19T17:15:24","modified_gmt":"2026-02-19T14:15:24","slug":"denizlide-feci-kaza-baba-ve-oglu-hayatini-kaybetti","status":"publish","type":"post","link":"https:\/\/www.egemtv.com\/?p=89108","title":{"rendered":"Denizli\u2019de feci kaza: Baba ve o\u011flu hayat\u0131n\u0131 kaybetti"},"content":{"rendered":"<p>Denizli\u2019nin Tavas il\u00e7esinde kamyonetin kar\u015f\u0131 \u015feride ge\u00e7erek minib\u00fcsle \u00e7arp\u0131\u015fmas\u0131 sonucu meydana gelen kazada baba ve o\u011flu ya\u015fam\u0131n\u0131 yitirdi, 1 ki\u015fi yaraland\u0131.<br \/>\n<br \/>Kaza, Denizli\u2019nin Tavas il\u00e7esi Akyar Mahallesi Mu\u011fla karayolu \u00fczerinde meydana geldi. Edinilen bilgilere g\u00f6re, 20 VD 868 plakal\u0131 kamyonetin s\u00fcr\u00fcc\u00fcs\u00fc Ramazan \u00c7olak (59), seyir halindeyken direksiyon hakimiyetini kaybetti. Kontrolden \u00e7\u0131kan kamyonet kar\u015f\u0131 \u015feride ge\u00e7erek yan yatt\u0131. Kar\u015f\u0131 \u015feride ge\u00e7en kamyonet, o s\u0131rada kar\u015f\u0131 y\u00f6nden gelen Mehmet E. idaresindeki 20 AIF 345 plakal\u0131 hafif ticari minib\u00fcsle \u00e7arp\u0131\u015ft\u0131. \u0130hbar \u00fczerine b\u00f6lgeye polis, jandarma, sa\u011fl\u0131k ve itfaiye ekipleri sevk edildi.<br \/>\n<br \/>Olay yerine gelen itfaiye ekipleri ara\u00e7 i\u00e7erisinde s\u0131k\u0131\u015fan Ramazan \u00c7olak ve o\u011flu Ahmet Emre \u00c7olak\u2019\u0131 (19) kamyonetin i\u00e7erisinde \u00e7\u0131kartarak sa\u011fl\u0131k ekiplerine teslim etti. Ramazan \u00c7olak ve ara\u00e7ta bulunan o\u011flu Ahmet Emre \u00c7olak\u2019\u0131n olay yerinde hayat\u0131n\u0131 kaybetti\u011fi belirlendi. Kazada minib\u00fcste yolcu olarak bulunan 1 ki\u015fi ise yaraland\u0131. Yaral\u0131, olay yerine sevk edilen sa\u011fl\u0131k ekiplerinin ilk m\u00fcdahalesinin ard\u0131ndan hastaneye kald\u0131r\u0131ld\u0131. Kazada hayat\u0131n\u0131 kaybeden baba ve o\u011flunun cans\u0131z bedenleri otopsi yap\u0131lmak \u00fczere Adli T\u0131p Kurumu morguna kald\u0131r\u0131ld\u0131.<br \/>\n<br \/>Hayat\u0131n\u0131 kaybeden baba ve o\u011flunun \u015fark\u00fcteri \u00fcr\u00fcnleri \u00fczerine pazarc\u0131l\u0131k yapt\u0131klar\u0131, Tavas pazar\u0131nda sat\u0131\u015f yapt\u0131ktan sonra ikamet ettikleri Serinhisar il\u00e7esine d\u00f6n\u00fc\u015f yolunda kazan\u0131n meydana geldi\u011fi \u00f6\u011frenildi. Kazayla ilgili soru\u015fturma ba\u015flat\u0131ld\u0131.<br \/><\/p>\n","protected":false},"excerpt":{"rendered":"<p>Denizli\u2019nin Tavas il\u00e7esinde kamyonetin kar\u015f\u0131 \u015feride ge\u00e7erek minib\u00fcsle \u00e7arp\u0131\u015fmas\u0131 sonucu meydana gelen kazada baba ve o\u011flu ya\u015fam\u0131n\u0131 yitirdi, 1 ki\u015fi yaraland\u0131. Kaza, Denizli\u2019nin Tavas il\u00e7esi Akyar Mahallesi Mu\u011fla karayolu \u00fczerinde meydana geldi. Edinilen bilgilere g\u00f6re, 20 VD 868 plakal\u0131 kamyonetin s\u00fcr\u00fcc\u00fcs\u00fc Ramazan \u00c7olak (59), seyir halindeyken direksiyon hakimiyetini kaybetti. Kontrolden \u00e7\u0131kan kamyonet kar\u015f\u0131 \u015feride ge\u00e7erek&#8230;<\/p>\n","protected":false},"author":1,"featured_media":89109,"comment_status":"open","ping_status":"open","sticky":false,"template":"","format":"standard","meta":{"_crdt_document":"","footnotes":""},"categories":[5],"tags":[],"class_list":["post-89108","post","type-post","status-publish","format-standard","has-post-thumbnail","hentry","category-asayis"],"_links":{"self":[{"href":"https:\/\/www.egemtv.com\/index.php?rest_route=\/wp\/v2\/posts\/89108","targetHints":{"allow":["GET"]}}],"collection":[{"href":"https:\/\/www.egemtv.com\/index.php?rest_route=\/wp\/v2\/posts"}],"about":[{"href":"https:\/\/www.egemtv.com\/index.php?rest_route=\/wp\/v2\/types\/post"}],"author":[{"embeddable":true,"href":"https:\/\/www.egemtv.com\/index.php?rest_route=\/wp\/v2\/users\/1"}],"replies":[{"embeddable":true,"href":"https:\/\/www.egemtv.com\/index.php?rest_route=%2Fwp%2Fv2%2Fcomments&post=89108"}],"version-history":[{"count":1,"href":"https:\/\/www.egemtv.com\/index.php?rest_route=\/wp\/v2\/posts\/89108\/revisions"}],"predecessor-version":[{"id":89110,"href":"https:\/\/www.egemtv.com\/index.php?rest_route=\/wp\/v2\/posts\/89108\/revisions\/89110"}],"wp:featuredmedia":[{"embeddable":true,"href":"https:\/\/www.egemtv.com\/index.php?rest_route=\/wp\/v2\/media\/89109"}],"wp:attachment":[{"href":"https:\/\/www.egemtv.com\/index.php?rest_route=%2Fwp%2Fv2%2Fmedia&parent=89108"}],"wp:term":[{"taxonomy":"category","embeddable":true,"href":"https:\/\/www.egemtv.com\/index.php?rest_route=%2Fwp%2Fv2%2Fcategories&post=89108"},{"taxonomy":"post_tag","embeddable":true,"href":"https:\/\/www.egemtv.com\/index.php?rest_route=%2Fwp%2Fv2%2Ftags&post=89108"}],"curies":[{"name":"wp","href":"https:\/\/api.w.org\/{rel}","templated":true}]}}