{"id":89105,"date":"2026-02-19T17:15:22","date_gmt":"2026-02-19T14:15:22","guid":{"rendered":"https:\/\/www.egemtv.com\/?p=89105"},"modified":"2026-02-19T17:15:23","modified_gmt":"2026-02-19T14:15:23","slug":"aydinda-gunes-yuzunu-gosterdi-carsiya-bahar-havasi-geldi","status":"publish","type":"post","link":"https:\/\/www.egemtv.com\/?p=89105","title":{"rendered":"Ayd\u0131n\u2019da g\u00fcne\u015f y\u00fcz\u00fcn\u00fc g\u00f6sterdi, \u00e7ar\u015f\u0131ya bahar havas\u0131 geldi"},"content":{"rendered":"<p>Ayd\u0131n\u2019da haftalard\u0131r etkisini s\u00fcrd\u00fcren ya\u011f\u0131\u015fl\u0131 ve kapal\u0131 havan\u0131n ard\u0131ndan g\u00fcne\u015fin y\u00fcz\u00fcn\u00fc g\u00f6stermesi, hem vatanda\u015flara hem de esnafa moral oldu. Hava s\u0131cakl\u0131\u011f\u0131ndaki art\u0131\u015fla birlikte kent merkezinde hareketlilik g\u00f6zlenirken, \u00e7ar\u015f\u0131 esnaf\u0131 uzun aradan sonra i\u015f yerlerinin \u00f6n\u00fcne \u00e7\u0131karak g\u00fcne\u015fli havan\u0131n tad\u0131n\u0131 \u00e7\u0131kard\u0131.<\/p>\n<p>Kentte so\u011fuk ve ya\u011f\u0131\u015fl\u0131 g\u00fcnlerin ard\u0131ndan g\u00fcne\u015fli havan\u0131n etkisini art\u0131rmas\u0131yla \u00f6zellikle Sarraflar \u00c7ar\u015f\u0131s\u0131\u2019nda yo\u011funluk ya\u015fand\u0131. Esnaflar, \u00e7ar\u015f\u0131 giri\u015flerinde bir araya gelerek sohbet etti, m\u00fc\u015fterilerle ilgilendi. G\u00fcne\u015fli havan\u0131n i\u015flere de olumlu yans\u0131d\u0131\u011f\u0131n\u0131 belirten esnaflar, &#8220;Kapal\u0131 havada \u00e7ar\u015f\u0131ya gelen az oluyor, g\u00fcne\u015f a\u00e7\u0131nca hem moral hem de bereket geliyor&#8221; dedi. Vatanda\u015flar da g\u00fcne\u015fli havay\u0131 f\u0131rsat bilerek kent merkezinde vakit ge\u00e7irdi. Parklar ve \u00e7ar\u015f\u0131lar dolarken, uzun s\u00fcren ya\u011f\u0131\u015fl\u0131 g\u00fcnlerin ard\u0131ndan kentte adeta bahar havas\u0131 ya\u015fand\u0131.<br \/><\/p>\n","protected":false},"excerpt":{"rendered":"<p>Ayd\u0131n\u2019da haftalard\u0131r etkisini s\u00fcrd\u00fcren ya\u011f\u0131\u015fl\u0131 ve kapal\u0131 havan\u0131n ard\u0131ndan g\u00fcne\u015fin y\u00fcz\u00fcn\u00fc g\u00f6stermesi, hem vatanda\u015flara hem de esnafa moral oldu. Hava s\u0131cakl\u0131\u011f\u0131ndaki art\u0131\u015fla birlikte kent merkezinde hareketlilik g\u00f6zlenirken, \u00e7ar\u015f\u0131 esnaf\u0131 uzun aradan sonra i\u015f yerlerinin \u00f6n\u00fcne \u00e7\u0131karak g\u00fcne\u015fli havan\u0131n tad\u0131n\u0131 \u00e7\u0131kard\u0131. Kentte so\u011fuk ve ya\u011f\u0131\u015fl\u0131 g\u00fcnlerin ard\u0131ndan g\u00fcne\u015fli havan\u0131n etkisini art\u0131rmas\u0131yla \u00f6zellikle Sarraflar \u00c7ar\u015f\u0131s\u0131\u2019nda yo\u011funluk ya\u015fand\u0131&#8230;.<\/p>\n","protected":false},"author":1,"featured_media":89106,"comment_status":"open","ping_status":"open","sticky":false,"template":"","format":"standard","meta":{"_crdt_document":"","footnotes":""},"categories":[1],"tags":[],"class_list":["post-89105","post","type-post","status-publish","format-standard","has-post-thumbnail","hentry","category-guncel"],"_links":{"self":[{"href":"https:\/\/www.egemtv.com\/index.php?rest_route=\/wp\/v2\/posts\/89105","targetHints":{"allow":["GET"]}}],"collection":[{"href":"https:\/\/www.egemtv.com\/index.php?rest_route=\/wp\/v2\/posts"}],"about":[{"href":"https:\/\/www.egemtv.com\/index.php?rest_route=\/wp\/v2\/types\/post"}],"author":[{"embeddable":true,"href":"https:\/\/www.egemtv.com\/index.php?rest_route=\/wp\/v2\/users\/1"}],"replies":[{"embeddable":true,"href":"https:\/\/www.egemtv.com\/index.php?rest_route=%2Fwp%2Fv2%2Fcomments&post=89105"}],"version-history":[{"count":1,"href":"https:\/\/www.egemtv.com\/index.php?rest_route=\/wp\/v2\/posts\/89105\/revisions"}],"predecessor-version":[{"id":89107,"href":"https:\/\/www.egemtv.com\/index.php?rest_route=\/wp\/v2\/posts\/89105\/revisions\/89107"}],"wp:featuredmedia":[{"embeddable":true,"href":"https:\/\/www.egemtv.com\/index.php?rest_route=\/wp\/v2\/media\/89106"}],"wp:attachment":[{"href":"https:\/\/www.egemtv.com\/index.php?rest_route=%2Fwp%2Fv2%2Fmedia&parent=89105"}],"wp:term":[{"taxonomy":"category","embeddable":true,"href":"https:\/\/www.egemtv.com\/index.php?rest_route=%2Fwp%2Fv2%2Fcategories&post=89105"},{"taxonomy":"post_tag","embeddable":true,"href":"https:\/\/www.egemtv.com\/index.php?rest_route=%2Fwp%2Fv2%2Ftags&post=89105"}],"curies":[{"name":"wp","href":"https:\/\/api.w.org\/{rel}","templated":true}]}}