{"id":89102,"date":"2026-02-19T16:54:52","date_gmt":"2026-02-19T13:54:52","guid":{"rendered":"https:\/\/www.egemtv.com\/?p=89102"},"modified":"2026-02-19T16:54:53","modified_gmt":"2026-02-19T13:54:53","slug":"bozdoganda-yabani-ot-mucadelesi","status":"publish","type":"post","link":"https:\/\/www.egemtv.com\/?p=89102","title":{"rendered":"Bozdo\u011fan\u2019da yabani ot m\u00fccadelesi"},"content":{"rendered":"<p>Bozdo\u011fan Belediyesi, il\u00e7e genelinde \u00e7evre d\u00fczeni ve halk sa\u011fl\u0131\u011f\u0131n\u0131 korumaya y\u00f6nelik yabani otla m\u00fccadele \u00e7al\u0131\u015fmalar\u0131n\u0131 ba\u015flatt\u0131.<br \/>\n<br \/>\u0130la\u00e7lama \u00e7al\u0131\u015fmalar\u0131 kapsam\u0131nda ilk uygulama il\u00e7e merkezinde hayata ge\u00e7irilirken, \u00e7al\u0131\u015fmalar planlama do\u011frultusunda t\u00fcm mahallelerde s\u00fcrd\u00fcr\u00fclecek.<br \/>\n<br \/>Fen \u0130\u015fleri M\u00fcd\u00fcrl\u00fc\u011f\u00fc b\u00fcnyesinde olu\u015fturulan ekip taraf\u0131ndan y\u00fcr\u00fct\u00fclen ila\u00e7lama faaliyetleriyle cadde ve sokaklarda yabani ot temizli\u011fi ger\u00e7ekle\u015ftiriliyor. \u00c7al\u0131\u015fmalar\u0131n, yaz aylar\u0131 \u00f6ncesinde hem g\u00f6r\u00fcnt\u00fc kirlili\u011finin \u00f6n\u00fcne ge\u00e7mesi hem de \u00e7evre sa\u011fl\u0131\u011f\u0131n\u0131n korunmas\u0131na katk\u0131 sa\u011flamas\u0131 hedefleniyor.<br \/>\n<br \/>Belediye yetkilileri, sorumluluk sahas\u0131 ayr\u0131m\u0131 g\u00f6zetmeksizin il\u00e7e genelindeki t\u00fcm mahalle, cadde ve sokaklarda ila\u00e7lama yap\u0131laca\u011f\u0131n\u0131 belirterek, temiz ve d\u00fczenli bir Bozdo\u011fan i\u00e7in \u00e7al\u0131\u015fmalar\u0131n aral\u0131ks\u0131z devam edece\u011fini ifade etti.<br \/><\/p>\n","protected":false},"excerpt":{"rendered":"<p>Bozdo\u011fan Belediyesi, il\u00e7e genelinde \u00e7evre d\u00fczeni ve halk sa\u011fl\u0131\u011f\u0131n\u0131 korumaya y\u00f6nelik yabani otla m\u00fccadele \u00e7al\u0131\u015fmalar\u0131n\u0131 ba\u015flatt\u0131. \u0130la\u00e7lama \u00e7al\u0131\u015fmalar\u0131 kapsam\u0131nda ilk uygulama il\u00e7e merkezinde hayata ge\u00e7irilirken, \u00e7al\u0131\u015fmalar planlama do\u011frultusunda t\u00fcm mahallelerde s\u00fcrd\u00fcr\u00fclecek. Fen \u0130\u015fleri M\u00fcd\u00fcrl\u00fc\u011f\u00fc b\u00fcnyesinde olu\u015fturulan ekip taraf\u0131ndan y\u00fcr\u00fct\u00fclen ila\u00e7lama faaliyetleriyle cadde ve sokaklarda yabani ot temizli\u011fi ger\u00e7ekle\u015ftiriliyor. \u00c7al\u0131\u015fmalar\u0131n, yaz aylar\u0131 \u00f6ncesinde hem g\u00f6r\u00fcnt\u00fc kirlili\u011finin&#8230;<\/p>\n","protected":false},"author":1,"featured_media":89103,"comment_status":"open","ping_status":"open","sticky":false,"template":"","format":"standard","meta":{"_crdt_document":"","footnotes":""},"categories":[1],"tags":[],"class_list":["post-89102","post","type-post","status-publish","format-standard","has-post-thumbnail","hentry","category-guncel"],"_links":{"self":[{"href":"https:\/\/www.egemtv.com\/index.php?rest_route=\/wp\/v2\/posts\/89102","targetHints":{"allow":["GET"]}}],"collection":[{"href":"https:\/\/www.egemtv.com\/index.php?rest_route=\/wp\/v2\/posts"}],"about":[{"href":"https:\/\/www.egemtv.com\/index.php?rest_route=\/wp\/v2\/types\/post"}],"author":[{"embeddable":true,"href":"https:\/\/www.egemtv.com\/index.php?rest_route=\/wp\/v2\/users\/1"}],"replies":[{"embeddable":true,"href":"https:\/\/www.egemtv.com\/index.php?rest_route=%2Fwp%2Fv2%2Fcomments&post=89102"}],"version-history":[{"count":1,"href":"https:\/\/www.egemtv.com\/index.php?rest_route=\/wp\/v2\/posts\/89102\/revisions"}],"predecessor-version":[{"id":89104,"href":"https:\/\/www.egemtv.com\/index.php?rest_route=\/wp\/v2\/posts\/89102\/revisions\/89104"}],"wp:featuredmedia":[{"embeddable":true,"href":"https:\/\/www.egemtv.com\/index.php?rest_route=\/wp\/v2\/media\/89103"}],"wp:attachment":[{"href":"https:\/\/www.egemtv.com\/index.php?rest_route=%2Fwp%2Fv2%2Fmedia&parent=89102"}],"wp:term":[{"taxonomy":"category","embeddable":true,"href":"https:\/\/www.egemtv.com\/index.php?rest_route=%2Fwp%2Fv2%2Fcategories&post=89102"},{"taxonomy":"post_tag","embeddable":true,"href":"https:\/\/www.egemtv.com\/index.php?rest_route=%2Fwp%2Fv2%2Ftags&post=89102"}],"curies":[{"name":"wp","href":"https:\/\/api.w.org\/{rel}","templated":true}]}}