{"id":89099,"date":"2026-02-19T16:54:51","date_gmt":"2026-02-19T13:54:51","guid":{"rendered":"https:\/\/www.egemtv.com\/?p=89099"},"modified":"2026-02-19T16:54:52","modified_gmt":"2026-02-19T13:54:52","slug":"kusadasi-belediyesinden-ramazan-ayi-boyunca-18-bin-kisilik-iftar-yemegi","status":"publish","type":"post","link":"https:\/\/www.egemtv.com\/?p=89099","title":{"rendered":"Ku\u015fadas\u0131 Belediyesi\u2019nden Ramazan ay\u0131 boyunca 18 bin ki\u015filik iftar yeme\u011fi"},"content":{"rendered":"<p>Ku\u015fadas\u0131 Belediyesi, Ramazan ay\u0131 boyunca kuraca\u011f\u0131 sofralarda hem\u015fehrilerine \u00fccretsiz olarak iftar yeme\u011fi verecek. \u0130ftar yemeklerinin ilki 20 \u015eubat Cuma g\u00fcn\u00fc \u0130ki\u00e7e\u015fmelik Mahallesi Karde\u015f \u015eehirler Park\u0131\u2019nda d\u00fczenlenecek.<\/p>\n<p>Ku\u015fadas\u0131 Belediyesi birlik, beraberlik ve dayan\u0131\u015fma duygular\u0131n\u0131n artt\u0131\u011f\u0131 Ramazan ay\u0131nda, kent sakinlerini farkl\u0131 noktalarda kuraca\u011f\u0131 iftar sofralar\u0131nda bulu\u015fturacak. Bu kapsamda Ramazan ay\u0131 boyunca Ku\u015fadas\u0131 Belediyesi taraf\u0131ndan \u00fccretsiz olarak toplam 18 bin ki\u015filik iftar yeme\u011fi verilecek. \u0130ftar yemeklerinin ilki 20 \u015eubat Cuma g\u00fcn\u00fc \u0130ki\u00e7e\u015fmelik Mahallesi Karde\u015f \u015eehirler Park\u0131\u2019nda d\u00fczenlenecek. Ramazan ay\u0131n\u0131n t\u00fcm d\u00fcnyaya huzur ve bar\u0131\u015f getirmesini dileyen Ba\u015fkan \u00d6mer G\u00fcnel, &#8220;\u0130ftar sofralar\u0131m\u0131za t\u00fcm hem\u015fehrilerimizi bekliyoruz&#8221; diye konu\u015ftu.<\/p>\n<p>Ku\u015fadas\u0131 Belediyesi\u2019nin Ramazan ay\u0131nda d\u00fczenleyece\u011fi iftar yemeklerinin program\u0131 \u015fu \u015fekilde:<br \/>\n<br \/>20 \u015eubat Cuma g\u00fcn\u00fc \u0130ki\u00e7e\u015fmelik Mahallesi, Karde\u015f \u015eehirler Park\u0131, 23 \u015eubat Pazartesi Ku\u015fadas\u0131 Belediyesi Hizmet \u00c7ad\u0131r\u0131, 24 \u015eubat Sal\u0131 Davutlar Mahallesi Ek Hizmet Binas\u0131 \u00f6n\u00fc, 25 \u015eubat \u00c7ar\u015famba G\u00fczel\u00e7aml\u0131 Mahallesi eski belediye hizmet binas\u0131 \u00f6n\u00fc, 27 \u015eubat Cuma Hac\u0131feyzullah Mahallesi 7 Eyl\u00fcl \u0130lkokulu \u00f6n\u00fc, 28 \u015eubat Cumartesi Hizmet \u00c7ad\u0131r\u0131, 2 Mart Pazartesi T\u00fcrkmen Mahallesi \u00c7ocuk Geli\u015fim Merkezi \u00f6n\u00fc, 3 Mart Sal\u0131 Hizmet \u00c7ad\u0131r\u0131, 4 Mart \u00c7ar\u015famba Hizmet \u00c7ad\u0131r\u0131, 5 Mart Per\u015fembe G\u00fczel\u00e7aml\u0131 Mahallesi eski belediye hizmet binas\u0131 \u00f6n\u00fc, 6 Mart Cuma Davutlar Mahallesi Hizmet Binas\u0131 \u00f6n\u00fc, 9 Mart Pazartesi Cumhuriyet Mahallesi Cumhuriyet \u0130lkokulu \u00f6n\u00fc, 11 Mart \u00c7ar\u015famba Hizmet \u00c7ad\u0131r\u0131, 13 Mart Cuma Hizmet \u00c7ad\u0131r\u0131, 14 Mart Cumartesi Hizmet \u00c7ad\u0131r\u0131, 16 Mart Pazartesi \u0130smail Cem Dostluk ve Bar\u0131\u015f Meydan\u0131, 18 Mart \u00c7ar\u015famba Hizmet \u00c7ad\u0131r\u0131.<br \/><\/p>\n","protected":false},"excerpt":{"rendered":"<p>Ku\u015fadas\u0131 Belediyesi, Ramazan ay\u0131 boyunca kuraca\u011f\u0131 sofralarda hem\u015fehrilerine \u00fccretsiz olarak iftar yeme\u011fi verecek. \u0130ftar yemeklerinin ilki 20 \u015eubat Cuma g\u00fcn\u00fc \u0130ki\u00e7e\u015fmelik Mahallesi Karde\u015f \u015eehirler Park\u0131\u2019nda d\u00fczenlenecek. Ku\u015fadas\u0131 Belediyesi birlik, beraberlik ve dayan\u0131\u015fma duygular\u0131n\u0131n artt\u0131\u011f\u0131 Ramazan ay\u0131nda, kent sakinlerini farkl\u0131 noktalarda kuraca\u011f\u0131 iftar sofralar\u0131nda bulu\u015fturacak. Bu kapsamda Ramazan ay\u0131 boyunca Ku\u015fadas\u0131 Belediyesi taraf\u0131ndan \u00fccretsiz olarak toplam&#8230;<\/p>\n","protected":false},"author":1,"featured_media":89100,"comment_status":"open","ping_status":"open","sticky":false,"template":"","format":"standard","meta":{"_crdt_document":"","footnotes":""},"categories":[1],"tags":[],"class_list":["post-89099","post","type-post","status-publish","format-standard","has-post-thumbnail","hentry","category-guncel"],"_links":{"self":[{"href":"https:\/\/www.egemtv.com\/index.php?rest_route=\/wp\/v2\/posts\/89099","targetHints":{"allow":["GET"]}}],"collection":[{"href":"https:\/\/www.egemtv.com\/index.php?rest_route=\/wp\/v2\/posts"}],"about":[{"href":"https:\/\/www.egemtv.com\/index.php?rest_route=\/wp\/v2\/types\/post"}],"author":[{"embeddable":true,"href":"https:\/\/www.egemtv.com\/index.php?rest_route=\/wp\/v2\/users\/1"}],"replies":[{"embeddable":true,"href":"https:\/\/www.egemtv.com\/index.php?rest_route=%2Fwp%2Fv2%2Fcomments&post=89099"}],"version-history":[{"count":1,"href":"https:\/\/www.egemtv.com\/index.php?rest_route=\/wp\/v2\/posts\/89099\/revisions"}],"predecessor-version":[{"id":89101,"href":"https:\/\/www.egemtv.com\/index.php?rest_route=\/wp\/v2\/posts\/89099\/revisions\/89101"}],"wp:featuredmedia":[{"embeddable":true,"href":"https:\/\/www.egemtv.com\/index.php?rest_route=\/wp\/v2\/media\/89100"}],"wp:attachment":[{"href":"https:\/\/www.egemtv.com\/index.php?rest_route=%2Fwp%2Fv2%2Fmedia&parent=89099"}],"wp:term":[{"taxonomy":"category","embeddable":true,"href":"https:\/\/www.egemtv.com\/index.php?rest_route=%2Fwp%2Fv2%2Fcategories&post=89099"},{"taxonomy":"post_tag","embeddable":true,"href":"https:\/\/www.egemtv.com\/index.php?rest_route=%2Fwp%2Fv2%2Ftags&post=89099"}],"curies":[{"name":"wp","href":"https:\/\/api.w.org\/{rel}","templated":true}]}}