{"id":89096,"date":"2026-02-19T16:54:49","date_gmt":"2026-02-19T13:54:49","guid":{"rendered":"https:\/\/www.egemtv.com\/?p=89096"},"modified":"2026-02-19T16:54:50","modified_gmt":"2026-02-19T13:54:50","slug":"yatagan-ahi-sinan-kible-camii-ibadete-acildi","status":"publish","type":"post","link":"https:\/\/www.egemtv.com\/?p=89096","title":{"rendered":"Yata\u011fan Ahi Sinan K\u0131ble Camii ibadete a\u00e7\u0131ld\u0131"},"content":{"rendered":"<p>Mu\u011fla\u2019n\u0131n Yata\u011fan il\u00e7esinde 2022 y\u0131l\u0131nda yap\u0131m\u0131na ba\u015flanan Ahi Sinan K\u0131ble Camii ibadete a\u00e7\u0131ld\u0131.<\/p>\n<p>Yeni Mahalle\u2019de, 05 A\u011fustos 2022 Cuma g\u00fcn\u00fc dualarla temeli at\u0131lan ve Yata\u011fan Belediyesi, Yata\u011fan \u0130l\u00e7e M\u00fcft\u00fcl\u00fc\u011f\u00fc, Yeni Mahalle Ahi Cami Yapt\u0131rma ve Ya\u015fatma Derne\u011fi ile hay\u0131rsever vatanda\u015flar\u0131n katk\u0131lar\u0131yla titiz bir \u00e7al\u0131\u015fma sonucunda yap\u0131m\u0131 tamamlanan Ahi Sinan K\u0131ble Camii, 18 \u015eubat 2026 \u00c7ar\u015famba g\u00fcn\u00fc k\u0131l\u0131nan ilk teravih namaz\u0131yla birlikte ibadete a\u00e7\u0131ld\u0131.<\/p>\n<p>Yata\u011fanl\u0131lar, ayn\u0131 safta ilk teravih namaz\u0131n\u0131 k\u0131lman\u0131n ve Ramazan ay\u0131na kavu\u015fman\u0131n mutlulu\u011funu ya\u015fad\u0131.<\/p>\n<p>Yats\u0131 namaz\u0131 \u00f6ncesi Kur\u2019an-\u0131 Kerim tilavetinin ard\u0131ndan \u0130l\u00e7e M\u00fcft\u00fcs\u00fc Durmu\u015f Ali \u00c7etmi, Ramazan ay\u0131 ve camilerin maddi-manevi imar\u0131 \u00fczerine sohbet ederek \u015funlar\u0131 s\u00f6yledi:<br \/>\n<br \/>&#8220;Allah\u2019a \u015f\u00fckrediyoruz. Bir Ramazan ay\u0131na daha eri\u015ftik. Bug\u00fcn ilk teravihimizi eda edece\u011fiz. \u015eu anda i\u00e7inde bulundu\u011fumuz Ahi Sinan K\u0131ble Camii, d\u00f6rt y\u0131ll\u0131k yo\u011fun bir \u00e7al\u0131\u015fman\u0131n sonunda \u015fehrimize kazand\u0131r\u0131ld\u0131. Bu s\u00fcre\u00e7te maddi ve manevi destek sunan t\u00fcm hem\u015fehrilerimizden Allah raz\u0131 olsun. Rabbim camimizi hay\u0131rl\u0131, u\u011furlu ve daim eylesin, cemaatini bol eylesin. Birlik ve beraberlik i\u00e7inde nice Ramazanlarda bulu\u015fmay\u0131 nasip eylesin&#8221;<br \/>\n<br \/>Din g\u00f6revlileri, emekli din g\u00f6revlileri, cami cemaati ve mahalle halk\u0131n\u0131n kat\u0131l\u0131m\u0131yla ger\u00e7ekle\u015fen a\u00e7\u0131l\u0131\u015f program\u0131, \u0130l\u00e7e M\u00fcft\u00fcs\u00fc Durmu\u015f Ali \u00c7etmi\u2019nin k\u0131ld\u0131rd\u0131\u011f\u0131 teravih namaz\u0131yla sona erdi.<\/p>\n<p>Namaz \u00e7\u0131k\u0131\u015f\u0131nda cemaate ikramlarda bulunuldu.<br \/><\/p>\n","protected":false},"excerpt":{"rendered":"<p>Mu\u011fla\u2019n\u0131n Yata\u011fan il\u00e7esinde 2022 y\u0131l\u0131nda yap\u0131m\u0131na ba\u015flanan Ahi Sinan K\u0131ble Camii ibadete a\u00e7\u0131ld\u0131. Yeni Mahalle\u2019de, 05 A\u011fustos 2022 Cuma g\u00fcn\u00fc dualarla temeli at\u0131lan ve Yata\u011fan Belediyesi, Yata\u011fan \u0130l\u00e7e M\u00fcft\u00fcl\u00fc\u011f\u00fc, Yeni Mahalle Ahi Cami Yapt\u0131rma ve Ya\u015fatma Derne\u011fi ile hay\u0131rsever vatanda\u015flar\u0131n katk\u0131lar\u0131yla titiz bir \u00e7al\u0131\u015fma sonucunda yap\u0131m\u0131 tamamlanan Ahi Sinan K\u0131ble Camii, 18 \u015eubat 2026 \u00c7ar\u015famba&#8230;<\/p>\n","protected":false},"author":1,"featured_media":89097,"comment_status":"open","ping_status":"open","sticky":false,"template":"","format":"standard","meta":{"_crdt_document":"","footnotes":""},"categories":[1],"tags":[],"class_list":["post-89096","post","type-post","status-publish","format-standard","has-post-thumbnail","hentry","category-guncel"],"_links":{"self":[{"href":"https:\/\/www.egemtv.com\/index.php?rest_route=\/wp\/v2\/posts\/89096","targetHints":{"allow":["GET"]}}],"collection":[{"href":"https:\/\/www.egemtv.com\/index.php?rest_route=\/wp\/v2\/posts"}],"about":[{"href":"https:\/\/www.egemtv.com\/index.php?rest_route=\/wp\/v2\/types\/post"}],"author":[{"embeddable":true,"href":"https:\/\/www.egemtv.com\/index.php?rest_route=\/wp\/v2\/users\/1"}],"replies":[{"embeddable":true,"href":"https:\/\/www.egemtv.com\/index.php?rest_route=%2Fwp%2Fv2%2Fcomments&post=89096"}],"version-history":[{"count":1,"href":"https:\/\/www.egemtv.com\/index.php?rest_route=\/wp\/v2\/posts\/89096\/revisions"}],"predecessor-version":[{"id":89098,"href":"https:\/\/www.egemtv.com\/index.php?rest_route=\/wp\/v2\/posts\/89096\/revisions\/89098"}],"wp:featuredmedia":[{"embeddable":true,"href":"https:\/\/www.egemtv.com\/index.php?rest_route=\/wp\/v2\/media\/89097"}],"wp:attachment":[{"href":"https:\/\/www.egemtv.com\/index.php?rest_route=%2Fwp%2Fv2%2Fmedia&parent=89096"}],"wp:term":[{"taxonomy":"category","embeddable":true,"href":"https:\/\/www.egemtv.com\/index.php?rest_route=%2Fwp%2Fv2%2Fcategories&post=89096"},{"taxonomy":"post_tag","embeddable":true,"href":"https:\/\/www.egemtv.com\/index.php?rest_route=%2Fwp%2Fv2%2Ftags&post=89096"}],"curies":[{"name":"wp","href":"https:\/\/api.w.org\/{rel}","templated":true}]}}