{"id":89093,"date":"2026-02-19T16:35:07","date_gmt":"2026-02-19T13:35:07","guid":{"rendered":"https:\/\/www.egemtv.com\/?p=89093"},"modified":"2026-02-19T16:35:08","modified_gmt":"2026-02-19T13:35:08","slug":"soke-ovasinda-yagis-sonrasi-zarar-tespit-calismalari","status":"publish","type":"post","link":"https:\/\/www.egemtv.com\/?p=89093","title":{"rendered":"S\u00f6ke Ovas\u0131\u2019nda ya\u011f\u0131\u015f sonras\u0131 zarar tespit \u00e7al\u0131\u015fmalar\u0131"},"content":{"rendered":"<p>Ayd\u0131n\u2019\u0131n S\u00f6ke il\u00e7esinde son g\u00fcnlerde etkili olan a\u015f\u0131r\u0131 ya\u011f\u0131\u015flar\u0131n ard\u0131ndan su bask\u0131nlar\u0131ndan etkilenen tar\u0131m arazilerinde hasar tespit \u00e7al\u0131\u015fmalar\u0131 aral\u0131ks\u0131z devam ediyor. \u00d6zellikle S\u00f6ke Ovas\u0131 genelinde geni\u015f ekili alanlar\u0131n sular alt\u0131nda kalmas\u0131 \u00fczerine ilgili kurumlar sahada yo\u011fun mesai harc\u0131yor.<\/p>\n<p>Ayd\u0131n \u0130l Tar\u0131m ve Orman M\u00fcd\u00fcrl\u00fc\u011f\u00fc koordinasyonunda y\u00fcr\u00fct\u00fclen \u00e7al\u0131\u015fmalara \u0130l Tar\u0131m ve Orman M\u00fcd\u00fcr\u00fc Ayhan Temiz de kat\u0131ld\u0131. Teknik ekiplerle birlikte afet b\u00f6lgesine giden Temiz, su bask\u0131n\u0131ndan etkilenen alanlarda yerinde incelemelerde bulundu.<\/p>\n<p>Sular alt\u0131nda kalan \u00fcretim sahalar\u0131nda yap\u0131lan kontrollerde \u00fcr\u00fcnlerin mevcut durumu de\u011ferlendirildi, zarar tespiti i\u00e7in \u00f6n raporlama s\u00fcreci ba\u015flat\u0131ld\u0131. Yetkililer, \u00fcreticilerle birebir g\u00f6r\u00fc\u015ferek talepleri dinlerken, sahadaki suyun tahliyesine y\u00f6nelik \u00e7al\u0131\u015fmalar\u0131n da yak\u0131ndan takip edildi\u011fini bildirdi.<\/p>\n<p>Hasar g\u00f6ren alanlarda detayl\u0131 tespit ve raporlama i\u015flemlerinin titizlikle s\u00fcrd\u00fcr\u00fcld\u00fc\u011f\u00fc belirtilirken, \u00fcreticilerin ma\u011fduriyetinin en aza indirilmesi amac\u0131yla gerekli ad\u0131mlar\u0131n at\u0131laca\u011f\u0131 ifade edildi.<\/p>\n<p>Yetkililer, devletin t\u00fcm imkanlar\u0131yla \u00fcreticilerin yan\u0131nda olmaya devam edece\u011fini vurgulad\u0131.<br \/><\/p>\n","protected":false},"excerpt":{"rendered":"<p>Ayd\u0131n\u2019\u0131n S\u00f6ke il\u00e7esinde son g\u00fcnlerde etkili olan a\u015f\u0131r\u0131 ya\u011f\u0131\u015flar\u0131n ard\u0131ndan su bask\u0131nlar\u0131ndan etkilenen tar\u0131m arazilerinde hasar tespit \u00e7al\u0131\u015fmalar\u0131 aral\u0131ks\u0131z devam ediyor. \u00d6zellikle S\u00f6ke Ovas\u0131 genelinde geni\u015f ekili alanlar\u0131n sular alt\u0131nda kalmas\u0131 \u00fczerine ilgili kurumlar sahada yo\u011fun mesai harc\u0131yor. Ayd\u0131n \u0130l Tar\u0131m ve Orman M\u00fcd\u00fcrl\u00fc\u011f\u00fc koordinasyonunda y\u00fcr\u00fct\u00fclen \u00e7al\u0131\u015fmalara \u0130l Tar\u0131m ve Orman M\u00fcd\u00fcr\u00fc Ayhan Temiz de&#8230;<\/p>\n","protected":false},"author":1,"featured_media":89094,"comment_status":"open","ping_status":"open","sticky":false,"template":"","format":"standard","meta":{"_crdt_document":"","footnotes":""},"categories":[1],"tags":[],"class_list":["post-89093","post","type-post","status-publish","format-standard","has-post-thumbnail","hentry","category-guncel"],"_links":{"self":[{"href":"https:\/\/www.egemtv.com\/index.php?rest_route=\/wp\/v2\/posts\/89093","targetHints":{"allow":["GET"]}}],"collection":[{"href":"https:\/\/www.egemtv.com\/index.php?rest_route=\/wp\/v2\/posts"}],"about":[{"href":"https:\/\/www.egemtv.com\/index.php?rest_route=\/wp\/v2\/types\/post"}],"author":[{"embeddable":true,"href":"https:\/\/www.egemtv.com\/index.php?rest_route=\/wp\/v2\/users\/1"}],"replies":[{"embeddable":true,"href":"https:\/\/www.egemtv.com\/index.php?rest_route=%2Fwp%2Fv2%2Fcomments&post=89093"}],"version-history":[{"count":1,"href":"https:\/\/www.egemtv.com\/index.php?rest_route=\/wp\/v2\/posts\/89093\/revisions"}],"predecessor-version":[{"id":89095,"href":"https:\/\/www.egemtv.com\/index.php?rest_route=\/wp\/v2\/posts\/89093\/revisions\/89095"}],"wp:featuredmedia":[{"embeddable":true,"href":"https:\/\/www.egemtv.com\/index.php?rest_route=\/wp\/v2\/media\/89094"}],"wp:attachment":[{"href":"https:\/\/www.egemtv.com\/index.php?rest_route=%2Fwp%2Fv2%2Fmedia&parent=89093"}],"wp:term":[{"taxonomy":"category","embeddable":true,"href":"https:\/\/www.egemtv.com\/index.php?rest_route=%2Fwp%2Fv2%2Fcategories&post=89093"},{"taxonomy":"post_tag","embeddable":true,"href":"https:\/\/www.egemtv.com\/index.php?rest_route=%2Fwp%2Fv2%2Ftags&post=89093"}],"curies":[{"name":"wp","href":"https:\/\/api.w.org\/{rel}","templated":true}]}}