{"id":89090,"date":"2026-02-19T16:35:06","date_gmt":"2026-02-19T13:35:06","guid":{"rendered":"https:\/\/www.egemtv.com\/?p=89090"},"modified":"2026-02-19T16:35:07","modified_gmt":"2026-02-19T13:35:07","slug":"bodrum-belediyesinde-arac-ve-ekipman-kullanimi-egitimi","status":"publish","type":"post","link":"https:\/\/www.egemtv.com\/?p=89090","title":{"rendered":"Bodrum Belediyesi\u2019nde ara\u00e7 ve ekipman kullan\u0131m\u0131 e\u011fitimi"},"content":{"rendered":"<p>Bodrum Belediyesi Temizlik \u0130\u015fleri M\u00fcd\u00fcrl\u00fc\u011f\u00fc taraf\u0131ndan temizlik ara\u00e7lar\u0131nda g\u00f6revli personele e\u011fitim verildi.<\/p>\n<p>Bodrum Belediyesi Temizlik \u0130\u015fleri M\u00fcd\u00fcrl\u00fc\u011f\u00fc Konac\u0131k Kademe\u2019de, anla\u015fmal\u0131 firma yetkilileri taraf\u0131ndan 170 personele ara\u00e7 ve ekipman kullan\u0131m\u0131 ile ilgili e\u011fitim verildi. E\u011fitime, Temizlik \u0130\u015fleri M\u00fcd\u00fcrl\u00fc\u011f\u00fc b\u00fcnyesinde g\u00f6rev yapan \u015fof\u00f6rler ile ara\u00e7 arkas\u0131 personelleri kat\u0131ld\u0131.<\/p>\n<p>Kullan\u0131lan ara\u00e7lar ile ekipmanlar hakk\u0131nda bilgilendirmelerin yap\u0131ld\u0131\u011f\u0131 e\u011fitimde, \u00e7\u00f6p kasas\u0131n\u0131n g\u00f6vde par\u00e7alar\u0131 ve i\u015flevleri, \u00e7al\u0131\u015fma prensipleri ile \u00e7al\u0131\u015fma esnas\u0131nda dikkat edilecek unsurlar anlat\u0131ld\u0131. Konteyner y\u0131kama ve dezenfekte kamyonu kasas\u0131n\u0131n \u00fc\u00e7l\u00fc \u00e7al\u0131\u015fma prensipleri, vakumlu s\u00fcp\u00fcrge arac\u0131nda ekipman\u0131n f\u0131r\u00e7a ve bak\u0131m s\u00fcre\u00e7leri, hidrolik s\u0131k\u0131\u015ft\u0131rmal\u0131 \u00e7\u00f6p kasas\u0131n\u0131 olu\u015fturan par\u00e7alar, par\u00e7alar\u0131n ya\u011flamas\u0131 gibi \u00e7e\u015fitli konulara da de\u011finildi. Ayr\u0131ca i\u015f g\u00fcvenli\u011finin \u00f6nemine de vurgu yap\u0131larak rutin takiplerin gereklili\u011finin alt\u0131 \u00e7izildi.<\/p>\n<p>Hizmet kalitesini art\u0131rmak; ara\u00e7, ekipman ve makine kullanan personelin teknik bilgi ve becerilerini geli\u015ftirmek, ara\u00e7 ve ekipmanlar\u0131n etkin, g\u00fcvenli ve ekonomik kullan\u0131m\u0131n\u0131 sa\u011flamak amac\u0131yla ger\u00e7ekle\u015ftirilen bilgilendirme toplant\u0131lar\u0131 ve e\u011fitimler belirli periyotlarla s\u00fcrd\u00fcr\u00fclecek.<br \/><\/p>\n","protected":false},"excerpt":{"rendered":"<p>Bodrum Belediyesi Temizlik \u0130\u015fleri M\u00fcd\u00fcrl\u00fc\u011f\u00fc taraf\u0131ndan temizlik ara\u00e7lar\u0131nda g\u00f6revli personele e\u011fitim verildi. Bodrum Belediyesi Temizlik \u0130\u015fleri M\u00fcd\u00fcrl\u00fc\u011f\u00fc Konac\u0131k Kademe\u2019de, anla\u015fmal\u0131 firma yetkilileri taraf\u0131ndan 170 personele ara\u00e7 ve ekipman kullan\u0131m\u0131 ile ilgili e\u011fitim verildi. E\u011fitime, Temizlik \u0130\u015fleri M\u00fcd\u00fcrl\u00fc\u011f\u00fc b\u00fcnyesinde g\u00f6rev yapan \u015fof\u00f6rler ile ara\u00e7 arkas\u0131 personelleri kat\u0131ld\u0131. Kullan\u0131lan ara\u00e7lar ile ekipmanlar hakk\u0131nda bilgilendirmelerin yap\u0131ld\u0131\u011f\u0131 e\u011fitimde, \u00e7\u00f6p&#8230;<\/p>\n","protected":false},"author":1,"featured_media":89091,"comment_status":"open","ping_status":"open","sticky":false,"template":"","format":"standard","meta":{"_crdt_document":"","footnotes":""},"categories":[1],"tags":[],"class_list":["post-89090","post","type-post","status-publish","format-standard","has-post-thumbnail","hentry","category-guncel"],"_links":{"self":[{"href":"https:\/\/www.egemtv.com\/index.php?rest_route=\/wp\/v2\/posts\/89090","targetHints":{"allow":["GET"]}}],"collection":[{"href":"https:\/\/www.egemtv.com\/index.php?rest_route=\/wp\/v2\/posts"}],"about":[{"href":"https:\/\/www.egemtv.com\/index.php?rest_route=\/wp\/v2\/types\/post"}],"author":[{"embeddable":true,"href":"https:\/\/www.egemtv.com\/index.php?rest_route=\/wp\/v2\/users\/1"}],"replies":[{"embeddable":true,"href":"https:\/\/www.egemtv.com\/index.php?rest_route=%2Fwp%2Fv2%2Fcomments&post=89090"}],"version-history":[{"count":1,"href":"https:\/\/www.egemtv.com\/index.php?rest_route=\/wp\/v2\/posts\/89090\/revisions"}],"predecessor-version":[{"id":89092,"href":"https:\/\/www.egemtv.com\/index.php?rest_route=\/wp\/v2\/posts\/89090\/revisions\/89092"}],"wp:featuredmedia":[{"embeddable":true,"href":"https:\/\/www.egemtv.com\/index.php?rest_route=\/wp\/v2\/media\/89091"}],"wp:attachment":[{"href":"https:\/\/www.egemtv.com\/index.php?rest_route=%2Fwp%2Fv2%2Fmedia&parent=89090"}],"wp:term":[{"taxonomy":"category","embeddable":true,"href":"https:\/\/www.egemtv.com\/index.php?rest_route=%2Fwp%2Fv2%2Fcategories&post=89090"},{"taxonomy":"post_tag","embeddable":true,"href":"https:\/\/www.egemtv.com\/index.php?rest_route=%2Fwp%2Fv2%2Ftags&post=89090"}],"curies":[{"name":"wp","href":"https:\/\/api.w.org\/{rel}","templated":true}]}}