{"id":89087,"date":"2026-02-19T16:35:05","date_gmt":"2026-02-19T13:35:05","guid":{"rendered":"https:\/\/www.egemtv.com\/?p=89087"},"modified":"2026-02-19T16:35:06","modified_gmt":"2026-02-19T13:35:06","slug":"baskan-simsek-cizmeleri-giydi-su-baskininin-yasandigi-sokakta-inceleme-yapti","status":"publish","type":"post","link":"https:\/\/www.egemtv.com\/?p=89087","title":{"rendered":"Ba\u015fkan \u015eim\u015fek \u00e7izmeleri giydi, su bask\u0131n\u0131n\u0131n ya\u015fand\u0131\u011f\u0131 sokakta inceleme yapt\u0131"},"content":{"rendered":"<p>\u015eehzadeler Belediye Ba\u015fkan\u0131 Hakan \u015eim\u015fek, yo\u011fun ya\u011f\u0131\u015flar\u0131n ard\u0131ndan Akp\u0131nar Mahallesi 232. Sokak\u2019ta ya\u015fanan su bask\u0131nlar\u0131 sonras\u0131 \u00e7izmelerini giyerek b\u00f6lgede incelemelerde bulundu. Ta\u015fk\u0131ndan etkilenen vatanda\u015flarla bir araya gelen \u015eim\u015fek, \u00e7al\u0131\u015fmalar\u0131n Manisa B\u00fcy\u00fck\u015fehir Belediyesi ile koordineli \u015fekilde y\u00fcr\u00fct\u00fcld\u00fc\u011f\u00fcn\u00fc a\u00e7\u0131klad\u0131.<br \/>\n<br \/>Hakan \u015eim\u015fek, etkili olan sa\u011fanak ya\u011f\u0131\u015flar\u0131n ard\u0131ndan Akp\u0131nar Mahallesi 232. Sokak\u2019ta meydana gelen su bask\u0131nlar\u0131n\u0131n ya\u015fand\u0131\u011f\u0131 b\u00f6lgede incelemelerde bulundu. \u00c7izmeleriyle su birikintilerinin bulundu\u011fu alanlarda teknik ekiplerle birlikte sahaya inen Ba\u015fkan \u015eim\u015fek\u2019e belediyenin ilgili birim amirleri de e\u015flik etti. Ekiplerden bilgi alan \u015eim\u015fek, vatanda\u015flar\u0131n taleplerini yerinde dinledi.<br \/>\n<br \/>Ta\u015fk\u0131ndan etkilenen vatanda\u015flara ge\u00e7mi\u015f olsun dileklerini ileten \u015eim\u015fek, belediye ekiplerinin ilk andan itibaren sahada oldu\u011funu belirtti. Yo\u011fun ya\u011f\u0131\u015f sonras\u0131 baz\u0131 ev ve i\u015f yerlerinde su bask\u0131nlar\u0131 ya\u015fand\u0131\u011f\u0131n\u0131 ifade eden \u015eim\u015fek, kep\u00e7e, tahliye ve temizlik ekiplerinin h\u0131zla b\u00f6lgeye sevk edildi\u011fini kaydetti.<br \/>\n<br \/>Ma\u011fduriyetlerin giderilmesi i\u00e7in t\u00fcm imkanlar\u0131n seferber edildi\u011fini vurgulayan \u015eim\u015fek, s\u00fcrecin Manisa B\u00fcy\u00fck\u015fehir Belediyesi ile koordinasyon i\u00e7erisinde y\u00fcr\u00fct\u00fcld\u00fc\u011f\u00fcn\u00fc s\u00f6yledi. Altyap\u0131 ve su tahliye \u00e7al\u0131\u015fmalar\u0131n\u0131n ortak planlama \u00e7er\u00e7evesinde s\u00fcrd\u00fcr\u00fcld\u00fc\u011f\u00fcn\u00fc belirten \u015eim\u015fek, \u00f6zellikle ya\u011fmur suyu hatlar\u0131 ve tahliye kanallar\u0131nda kapsaml\u0131 de\u011ferlendirme yap\u0131ld\u0131\u011f\u0131n\u0131 dile getirdi.<br \/>\n<br \/>\u0130htiya\u00e7 sahibi aileler i\u00e7in destek mekanizmalar\u0131n\u0131n devreye al\u0131nd\u0131\u011f\u0131n\u0131 da ifade eden \u015eim\u015fek, vatanda\u015flara resmi a\u00e7\u0131klamalar\u0131 takip etmeleri \u00e7a\u011fr\u0131s\u0131nda bulundu.<br \/>\n<br \/>Ba\u015fkan \u015eim\u015fek yapt\u0131\u011f\u0131 a\u00e7\u0131klamada, &#8220;Ya\u015fanan ma\u011fduriyetleri en k\u0131sa s\u00fcrede gidermek i\u00e7in sahaday\u0131z. B\u00fcy\u00fck\u015fehir Belediyemizle tam koordinasyon i\u00e7inde hareket ediyor, kal\u0131c\u0131 \u00e7\u00f6z\u00fcmler i\u00e7in s\u00fcreci yak\u0131ndan takip ediyoruz. Ekiplerimiz su bask\u0131nlar\u0131n\u0131n ya\u015fand\u0131\u011f\u0131 ilk andan itibaren vatanda\u015flar\u0131m\u0131z\u0131n ma\u011fdur olmamalar\u0131 i\u00e7in b\u00fcy\u00fck bir \u00f6zveriyle \u00e7al\u0131\u015f\u0131yor. \u00c7al\u0131\u015fmalar\u0131m\u0131z aral\u0131ks\u0131z devam edecek&#8221; dedi.<br \/><\/p>\n","protected":false},"excerpt":{"rendered":"<p>\u015eehzadeler Belediye Ba\u015fkan\u0131 Hakan \u015eim\u015fek, yo\u011fun ya\u011f\u0131\u015flar\u0131n ard\u0131ndan Akp\u0131nar Mahallesi 232. Sokak\u2019ta ya\u015fanan su bask\u0131nlar\u0131 sonras\u0131 \u00e7izmelerini giyerek b\u00f6lgede incelemelerde bulundu. Ta\u015fk\u0131ndan etkilenen vatanda\u015flarla bir araya gelen \u015eim\u015fek, \u00e7al\u0131\u015fmalar\u0131n Manisa B\u00fcy\u00fck\u015fehir Belediyesi ile koordineli \u015fekilde y\u00fcr\u00fct\u00fcld\u00fc\u011f\u00fcn\u00fc a\u00e7\u0131klad\u0131. Hakan \u015eim\u015fek, etkili olan sa\u011fanak ya\u011f\u0131\u015flar\u0131n ard\u0131ndan Akp\u0131nar Mahallesi 232. Sokak\u2019ta meydana gelen su bask\u0131nlar\u0131n\u0131n ya\u015fand\u0131\u011f\u0131 b\u00f6lgede incelemelerde&#8230;<\/p>\n","protected":false},"author":1,"featured_media":89088,"comment_status":"open","ping_status":"open","sticky":false,"template":"","format":"standard","meta":{"_crdt_document":"","footnotes":""},"categories":[1],"tags":[],"class_list":["post-89087","post","type-post","status-publish","format-standard","has-post-thumbnail","hentry","category-guncel"],"_links":{"self":[{"href":"https:\/\/www.egemtv.com\/index.php?rest_route=\/wp\/v2\/posts\/89087","targetHints":{"allow":["GET"]}}],"collection":[{"href":"https:\/\/www.egemtv.com\/index.php?rest_route=\/wp\/v2\/posts"}],"about":[{"href":"https:\/\/www.egemtv.com\/index.php?rest_route=\/wp\/v2\/types\/post"}],"author":[{"embeddable":true,"href":"https:\/\/www.egemtv.com\/index.php?rest_route=\/wp\/v2\/users\/1"}],"replies":[{"embeddable":true,"href":"https:\/\/www.egemtv.com\/index.php?rest_route=%2Fwp%2Fv2%2Fcomments&post=89087"}],"version-history":[{"count":1,"href":"https:\/\/www.egemtv.com\/index.php?rest_route=\/wp\/v2\/posts\/89087\/revisions"}],"predecessor-version":[{"id":89089,"href":"https:\/\/www.egemtv.com\/index.php?rest_route=\/wp\/v2\/posts\/89087\/revisions\/89089"}],"wp:featuredmedia":[{"embeddable":true,"href":"https:\/\/www.egemtv.com\/index.php?rest_route=\/wp\/v2\/media\/89088"}],"wp:attachment":[{"href":"https:\/\/www.egemtv.com\/index.php?rest_route=%2Fwp%2Fv2%2Fmedia&parent=89087"}],"wp:term":[{"taxonomy":"category","embeddable":true,"href":"https:\/\/www.egemtv.com\/index.php?rest_route=%2Fwp%2Fv2%2Fcategories&post=89087"},{"taxonomy":"post_tag","embeddable":true,"href":"https:\/\/www.egemtv.com\/index.php?rest_route=%2Fwp%2Fv2%2Ftags&post=89087"}],"curies":[{"name":"wp","href":"https:\/\/api.w.org\/{rel}","templated":true}]}}