{"id":88940,"date":"2026-02-19T10:54:53","date_gmt":"2026-02-19T07:54:53","guid":{"rendered":"https:\/\/www.egemtv.com\/?p=88940"},"modified":"2026-02-19T10:54:54","modified_gmt":"2026-02-19T07:54:54","slug":"ozkan-yalim-sozunu-tuttu-yillarin-su-baskini-sorunu-tarih-oldu","status":"publish","type":"post","link":"https:\/\/www.egemtv.com\/?p=88940","title":{"rendered":"\u00d6zkan Yal\u0131m s\u00f6z\u00fcn\u00fc tuttu: Y\u0131llar\u0131n su bask\u0131n\u0131 sorunu tarih oldu"},"content":{"rendered":"<p>U\u015fak\u2019ta uzun y\u0131llard\u0131r \u00f6zellikle ana arterlerde her yo\u011fun ya\u011f\u0131\u015f sonras\u0131 g\u00fcndeme gelen su bask\u0131n\u0131 sorununun, ger\u00e7ekle\u015ftirilen altyap\u0131 yat\u0131r\u0131mlar\u0131yla b\u00fcy\u00fck \u00f6l\u00e7\u00fcde \u00e7\u00f6z\u00fcld\u00fc\u011f\u00fc bildirildi. Kent genelinde y\u00fcr\u00fct\u00fclen drenaj ve altyap\u0131 \u00e7al\u0131\u015fmalar\u0131n\u0131n son ya\u011f\u0131\u015flarda etkisini g\u00f6stermesi, vatanda\u015flar ve s\u00fcr\u00fcc\u00fcler taraf\u0131ndan da fark edildi.<\/p>\n<p>Ge\u00e7mi\u015fte \u00f6zellikle K\u00f6pr\u00fcl\u00fc Kav\u015fak, \u0130smet Pa\u015fa Caddesi ve otogar \u00e7evresinde bulunan 15 Temmuz \u015eehit Mehmet \u00c7etin K\u00f6pr\u00fcl\u00fc Kav\u015fa\u011f\u0131\u2019nda olu\u015fan su birikintileri ula\u015f\u0131m\u0131 zorla\u015ft\u0131r\u0131yor, g\u00fcvenlik riski olu\u015fturuyordu. B\u00f6lgede yap\u0131lan altyap\u0131 ve drenaj d\u00fczenlemelerinin ard\u0131ndan son ya\u011f\u0131\u015flarda herhangi bir su bask\u0131n\u0131 ya\u015fanmamas\u0131, \u00e7al\u0131\u015fmalar\u0131n sahadaki kar\u015f\u0131l\u0131\u011f\u0131n\u0131 ortaya koydu.<\/p>\n<p>Ba\u015fkan \u00d6zkan Yal\u0131m, belediye ba\u015fkan\u0131 olmadan \u00f6nce bu noktadaki soruna dikkat \u00e7ekti\u011fini hat\u0131rlatarak, g\u00f6reve geldikten sonra \u00e7\u00f6z\u00fcm i\u00e7in h\u0131zl\u0131 \u015fekilde \u00e7al\u0131\u015fma ba\u015flatt\u0131klar\u0131n\u0131 ifade etti.<br \/>\n<br \/>Yal\u0131m a\u00e7\u0131klamas\u0131nda \u015fu s\u00f6zlere yer verdi:<br \/>\n<br \/>&#8220;G\u00f6reve gelmeden \u00f6nce bu b\u00f6lgede ya\u015fanan su bask\u0131nlar\u0131n\u0131 kamuoyuyla payla\u015fm\u0131\u015ft\u0131k. Bug\u00fcn ise Otogar\u2013Yeni Sanayi hatt\u0131nda ger\u00e7ekle\u015ftirdi\u011fimiz altyap\u0131 ve drenaj yat\u0131r\u0131mlar\u0131n\u0131n sonu\u00e7lar\u0131n\u0131 net bi\u00e7imde g\u00f6r\u00fcyoruz. Yakla\u015f\u0131k iki bu\u00e7uk y\u0131l \u00f6nce farkl\u0131 bir tablo vard\u0131, bug\u00fcn gelinen noktada sonu\u00e7 ortada&#8221; dedi.<\/p>\n<p>U\u015fak Belediyesi yetkilileri, kentte ge\u00e7mi\u015fte riskli olarak belirlenen di\u011fer b\u00f6lgelerde de benzer \u00e7al\u0131\u015fmalar\u0131n planland\u0131\u011f\u0131n\u0131 ve altyap\u0131 yat\u0131r\u0131mlar\u0131n\u0131n kademeli \u015fekilde devam edece\u011fini belirtti.<br \/>\n<br \/>Kent genelinde s\u00fcrd\u00fcr\u00fclen \u00e7al\u0131\u015fmalarla \u00f6zellikle k\u0131\u015f aylar\u0131nda ya\u015fanabilecek olumsuzluklar\u0131n \u00f6n\u00fcne ge\u00e7ilmesi hedefleniyor.<br \/><\/p>\n","protected":false},"excerpt":{"rendered":"<p>U\u015fak\u2019ta uzun y\u0131llard\u0131r \u00f6zellikle ana arterlerde her yo\u011fun ya\u011f\u0131\u015f sonras\u0131 g\u00fcndeme gelen su bask\u0131n\u0131 sorununun, ger\u00e7ekle\u015ftirilen altyap\u0131 yat\u0131r\u0131mlar\u0131yla b\u00fcy\u00fck \u00f6l\u00e7\u00fcde \u00e7\u00f6z\u00fcld\u00fc\u011f\u00fc bildirildi. Kent genelinde y\u00fcr\u00fct\u00fclen drenaj ve altyap\u0131 \u00e7al\u0131\u015fmalar\u0131n\u0131n son ya\u011f\u0131\u015flarda etkisini g\u00f6stermesi, vatanda\u015flar ve s\u00fcr\u00fcc\u00fcler taraf\u0131ndan da fark edildi. Ge\u00e7mi\u015fte \u00f6zellikle K\u00f6pr\u00fcl\u00fc Kav\u015fak, \u0130smet Pa\u015fa Caddesi ve otogar \u00e7evresinde bulunan 15 Temmuz \u015eehit Mehmet&#8230;<\/p>\n","protected":false},"author":1,"featured_media":88941,"comment_status":"open","ping_status":"open","sticky":false,"template":"","format":"standard","meta":{"_crdt_document":"","footnotes":""},"categories":[1],"tags":[],"class_list":["post-88940","post","type-post","status-publish","format-standard","has-post-thumbnail","hentry","category-guncel"],"_links":{"self":[{"href":"https:\/\/www.egemtv.com\/index.php?rest_route=\/wp\/v2\/posts\/88940","targetHints":{"allow":["GET"]}}],"collection":[{"href":"https:\/\/www.egemtv.com\/index.php?rest_route=\/wp\/v2\/posts"}],"about":[{"href":"https:\/\/www.egemtv.com\/index.php?rest_route=\/wp\/v2\/types\/post"}],"author":[{"embeddable":true,"href":"https:\/\/www.egemtv.com\/index.php?rest_route=\/wp\/v2\/users\/1"}],"replies":[{"embeddable":true,"href":"https:\/\/www.egemtv.com\/index.php?rest_route=%2Fwp%2Fv2%2Fcomments&post=88940"}],"version-history":[{"count":1,"href":"https:\/\/www.egemtv.com\/index.php?rest_route=\/wp\/v2\/posts\/88940\/revisions"}],"predecessor-version":[{"id":88942,"href":"https:\/\/www.egemtv.com\/index.php?rest_route=\/wp\/v2\/posts\/88940\/revisions\/88942"}],"wp:featuredmedia":[{"embeddable":true,"href":"https:\/\/www.egemtv.com\/index.php?rest_route=\/wp\/v2\/media\/88941"}],"wp:attachment":[{"href":"https:\/\/www.egemtv.com\/index.php?rest_route=%2Fwp%2Fv2%2Fmedia&parent=88940"}],"wp:term":[{"taxonomy":"category","embeddable":true,"href":"https:\/\/www.egemtv.com\/index.php?rest_route=%2Fwp%2Fv2%2Fcategories&post=88940"},{"taxonomy":"post_tag","embeddable":true,"href":"https:\/\/www.egemtv.com\/index.php?rest_route=%2Fwp%2Fv2%2Ftags&post=88940"}],"curies":[{"name":"wp","href":"https:\/\/api.w.org\/{rel}","templated":true}]}}