{"id":88937,"date":"2026-02-19T10:54:52","date_gmt":"2026-02-19T07:54:52","guid":{"rendered":"https:\/\/www.egemtv.com\/?p=88937"},"modified":"2026-02-19T10:54:53","modified_gmt":"2026-02-19T07:54:53","slug":"sadece-direksiyon-degil-ayni-zamanda-aracin-bakimlari-da-ona-emanet","status":"publish","type":"post","link":"https:\/\/www.egemtv.com\/?p=88937","title":{"rendered":"Sadece direksiyon de\u011fil, ayn\u0131 zamanda arac\u0131n bak\u0131mlar\u0131 da ona emanet"},"content":{"rendered":"<p>Burdur\u2019da ya\u015fayan 4 \u00e7ocuk annesi olan ve ayn\u0131 zamanda 3 y\u0131ld\u0131r otob\u00fcs \u015fof\u00f6r\u00fc olarak \u00e7al\u0131\u015fan G\u00fclnur Yarar (40), hem otob\u00fcs\u00fcn\u00fc s\u00fcr\u00fcyor hem de arac\u0131n\u0131n t\u00fcm bak\u0131mlar\u0131n\u0131 kendi yap\u0131yor. Engelli bir \u00e7ocuk sahibi olan Yarar, uzun yollarda birlikte gittiklerini ifade ederek seferleri tatile \u00e7evirdiklerini s\u00f6yledi.<br \/>\n<br \/>Burdur\u2019da ya\u015fan G\u00fclnur Yarar (40), \u00e7ok sevdi\u011fi otob\u00fcs \u015fof\u00f6rl\u00fc\u011f\u00fc i\u00e7in ehliyetini alarak i\u015f aramaya ba\u015flad\u0131. Bu s\u0131rada belediyedeki i\u015f ilan\u0131n\u0131 g\u00f6ren Yarar, ba\u015fvurarak i\u015fe girmeye hak kazand\u0131. Ard\u0131ndan ge\u00e7en 3 y\u0131lda her g\u00fcn otob\u00fcs\u00fc ile yollarda olan Yarar, i\u015fini severek yapt\u0131\u011f\u0131n\u0131 ifade etti. \u0130lk ba\u015flarda kendisini g\u00f6ren yolcular\u0131 \u00e7ok fazla \u015fa\u015f\u0131rd\u0131\u011f\u0131n\u0131 belirten Yarar, zamanla bu \u015fa\u015f\u0131rma azalarak yolcular\u0131n kendisini tebrik etti\u011fini s\u00f6yledi. Ayn\u0131 zamanda 4 \u00e7ocuk annesi olan Yarar, her g\u00fcn hem annelik hem de otob\u00fcs \u015fof\u00f6r\u00fc olarak hayat\u0131na devam ediyor. Sadece otob\u00fcs s\u00fcrmekle yetinmeyen Yarar, arac\u0131n\u0131n t\u00fcm bak\u0131mlar\u0131 ve elinden geldi\u011finde t\u00fcm tamirlerini kendisi yap\u0131yor. Belediyenin d\u00fczenledi\u011fi gezilerde de uzun yol kaptanl\u0131\u011f\u0131 yapan Yarar, engelli \u00e7ocu\u011fu ile birlikte bu seferleri tatile \u00e7evirdi\u011fini s\u00f6yledi.<\/p>\n<p>&#8220;Engelli \u00e7ocu\u011fum oldu\u011fu i\u00e7in \u00e7al\u0131\u015fmak zordu&#8221;<br \/>\n<br \/>Otob\u00fcs \u015fof\u00f6rl\u00fc\u011f\u00fcn\u00fc kendi se\u00e7ti\u011fini belirten G\u00fclnur Yarar, &#8220;Mesle\u011fimi \u00e7ok seviyorum. Otob\u00fcsleri ve b\u00fcy\u00fck ara\u00e7lar\u0131 da \u00e7ok seviyorum. Ben b\u00fcy\u00fck ara\u00e7 sevdal\u0131s\u0131 oldu\u011fum i\u00e7in ara\u00e7lara uygun ehliyetimi ald\u0131m. Daha sonras\u0131nda da belediyede i\u015f ilanlar\u0131n\u0131 g\u00f6rd\u00fcm. Bu \u015fekilde de i\u015fe ba\u015fvurarak \u00e7al\u0131\u015fmaya ba\u015flad\u0131m. Engelli \u00e7ocu\u011fum oldu\u011fu i\u00e7in \u00e7al\u0131\u015fmak zordu ama beni destekleyen \u00e7evremde insanlar oldu\u011fu i\u00e7in \u00e7ok mutluyum&#8221; dedi.<\/p>\n<p>&#8220;Yoldan ge\u00e7erken el sallayan \u00e7oktu, tebrik eden \u00e7ok&#8221;<br \/>\n<br \/>\u0130lk i\u015fe ba\u015flad\u0131\u011f\u0131nda yolcular\u0131n \u00e7ok \u015fa\u015f\u0131rd\u0131\u011f\u0131n\u0131 s\u00f6yleyen Yarar, &#8220;Otob\u00fcs\u00fc erkek mesle\u011fi olarak d\u00fc\u015f\u00fcnd\u00fckleri i\u00e7in \u015fa\u015f\u0131r\u0131yorlard\u0131. Aralar\u0131nda \u00e7ok da mutlu olanlar vard\u0131. Yoldan ge\u00e7erken el sallayan \u00e7oktu, tebrik eden \u00e7oktu. \u00d6zellikle kad\u0131nlar ve \u00e7ocuklar\u0131n beni g\u00f6rd\u00fc\u011f\u00fcnde mutlu oluyorlard\u0131. \u015eimdilerde ise ilgim oldu\u011fu i\u00e7in hem arac\u0131n bak\u0131mlar\u0131n\u0131 yap\u0131yorum hem de elimden geldi\u011fince tamir i\u015flerini halletmeye \u00e7al\u0131\u015f\u0131yorum&#8221; \u015feklinde konu\u015ftu.<\/p>\n<p>&#8220;Uzun yola gitti\u011fimde de \u00f6zel \u00e7ocu\u011fum ile birlikte gitmeme izin veriyorlar&#8221;<br \/>\n<br \/>Kad\u0131n olarak mesle\u011finin zorluklar\u0131n da oldu\u011fu ifade eden Yarar, &#8220;Bir anne olarak bir kad\u0131n olarak mesle\u011fim zor oluyor ama ger\u00e7ekten \u00e7evrem beni destekledi\u011fi i\u00e7in bir zorlu\u011fum kalm\u0131yor. Beni \u00e7ok fazlas\u0131yla destekliyorlar, sa\u011f olsunlar yard\u0131mc\u0131 oluyorlar. Her sabah kalk\u0131yorum, \u00e7ocuklar\u0131ma kahvalt\u0131lar\u0131n\u0131 haz\u0131rlay\u0131p \u00f6yle \u00e7\u0131k\u0131yorum evden. Daha sonras\u0131nda otob\u00fcs\u00fcm ile \u00e7al\u0131\u015fmaya ba\u015fl\u0131yorum. Evde di\u011fer \u00e7ocuklar\u0131m var, onlar bak\u0131yor \u00f6zel \u00e7ocu\u011fuma. Baz\u0131 g\u00fcnlerde de okulda oluyor \u00e7ocu\u011fum. Rahatl\u0131kla i\u015fimi yapabiliyorum. Uzun yola gitti\u011fimde de \u00f6zel \u00e7ocu\u011fum ile birlikte gitmeme izin veriyorlar. Bizler i\u00e7in de bu durum tatil gibi oluyor&#8221; diye konu\u015ftu.<br \/><\/p>\n","protected":false},"excerpt":{"rendered":"<p>Burdur\u2019da ya\u015fayan 4 \u00e7ocuk annesi olan ve ayn\u0131 zamanda 3 y\u0131ld\u0131r otob\u00fcs \u015fof\u00f6r\u00fc olarak \u00e7al\u0131\u015fan G\u00fclnur Yarar (40), hem otob\u00fcs\u00fcn\u00fc s\u00fcr\u00fcyor hem de arac\u0131n\u0131n t\u00fcm bak\u0131mlar\u0131n\u0131 kendi yap\u0131yor. Engelli bir \u00e7ocuk sahibi olan Yarar, uzun yollarda birlikte gittiklerini ifade ederek seferleri tatile \u00e7evirdiklerini s\u00f6yledi. Burdur\u2019da ya\u015fan G\u00fclnur Yarar (40), \u00e7ok sevdi\u011fi otob\u00fcs \u015fof\u00f6rl\u00fc\u011f\u00fc i\u00e7in ehliyetini&#8230;<\/p>\n","protected":false},"author":1,"featured_media":88938,"comment_status":"open","ping_status":"open","sticky":false,"template":"","format":"standard","meta":{"_crdt_document":"","footnotes":""},"categories":[123],"tags":[],"class_list":["post-88937","post","type-post","status-publish","format-standard","has-post-thumbnail","hentry","category-gundem"],"_links":{"self":[{"href":"https:\/\/www.egemtv.com\/index.php?rest_route=\/wp\/v2\/posts\/88937","targetHints":{"allow":["GET"]}}],"collection":[{"href":"https:\/\/www.egemtv.com\/index.php?rest_route=\/wp\/v2\/posts"}],"about":[{"href":"https:\/\/www.egemtv.com\/index.php?rest_route=\/wp\/v2\/types\/post"}],"author":[{"embeddable":true,"href":"https:\/\/www.egemtv.com\/index.php?rest_route=\/wp\/v2\/users\/1"}],"replies":[{"embeddable":true,"href":"https:\/\/www.egemtv.com\/index.php?rest_route=%2Fwp%2Fv2%2Fcomments&post=88937"}],"version-history":[{"count":1,"href":"https:\/\/www.egemtv.com\/index.php?rest_route=\/wp\/v2\/posts\/88937\/revisions"}],"predecessor-version":[{"id":88939,"href":"https:\/\/www.egemtv.com\/index.php?rest_route=\/wp\/v2\/posts\/88937\/revisions\/88939"}],"wp:featuredmedia":[{"embeddable":true,"href":"https:\/\/www.egemtv.com\/index.php?rest_route=\/wp\/v2\/media\/88938"}],"wp:attachment":[{"href":"https:\/\/www.egemtv.com\/index.php?rest_route=%2Fwp%2Fv2%2Fmedia&parent=88937"}],"wp:term":[{"taxonomy":"category","embeddable":true,"href":"https:\/\/www.egemtv.com\/index.php?rest_route=%2Fwp%2Fv2%2Fcategories&post=88937"},{"taxonomy":"post_tag","embeddable":true,"href":"https:\/\/www.egemtv.com\/index.php?rest_route=%2Fwp%2Fv2%2Ftags&post=88937"}],"curies":[{"name":"wp","href":"https:\/\/api.w.org\/{rel}","templated":true}]}}