{"id":88934,"date":"2026-02-19T10:54:50","date_gmt":"2026-02-19T07:54:50","guid":{"rendered":"https:\/\/www.egemtv.com\/?p=88934"},"modified":"2026-02-19T10:54:51","modified_gmt":"2026-02-19T07:54:51","slug":"domanicte-kadin-kooperatifi-uyelerine-yonelik-egitim-duzenlendi","status":"publish","type":"post","link":"https:\/\/www.egemtv.com\/?p=88934","title":{"rendered":"Domani\u00e7\u2019te kad\u0131n kooperatifi \u00fcyelerine y\u00f6nelik e\u011fitim d\u00fczenlendi"},"content":{"rendered":"<p>Domani\u00e7 \u0130l\u00e7e Tar\u0131m ve Orman M\u00fcd\u00fcrl\u00fc\u011f\u00fc taraf\u0131ndan, Domani\u00e7 \u00dcretim ve \u0130\u015fletme Kad\u0131n Kooperatifi \u00fcyelerine \u00fcretimde kalite ve verimlili\u011fi art\u0131rmaya y\u00f6nelik e\u011fitim verildi.<br \/>\n<br \/>\u0130l\u00e7e Tar\u0131m ve Orman M\u00fcd\u00fcrl\u00fc\u011f\u00fc teknik personel taraf\u0131ndan \u00c7aml\u0131ca K\u00f6y\u00fc\u2019nde ger\u00e7ekle\u015ftirilen e\u011fitimde; iyi tar\u0131m uygulamalar\u0131, g\u00fcbre \u00e7e\u015fitleri ve g\u00fcbreleme y\u00f6ntemleri ele al\u0131nd\u0131. Yetkililer, \u00fcretimde s\u00fcrd\u00fcr\u00fclebilirli\u011fi g\u00fc\u00e7lendirmek ve verimlili\u011fi art\u0131rmak amac\u0131yla benzer \u00e7al\u0131\u015fmalar\u0131n devam edece\u011fini belirtti.<br \/><\/p>\n","protected":false},"excerpt":{"rendered":"<p>Domani\u00e7 \u0130l\u00e7e Tar\u0131m ve Orman M\u00fcd\u00fcrl\u00fc\u011f\u00fc taraf\u0131ndan, Domani\u00e7 \u00dcretim ve \u0130\u015fletme Kad\u0131n Kooperatifi \u00fcyelerine \u00fcretimde kalite ve verimlili\u011fi art\u0131rmaya y\u00f6nelik e\u011fitim verildi. \u0130l\u00e7e Tar\u0131m ve Orman M\u00fcd\u00fcrl\u00fc\u011f\u00fc teknik personel taraf\u0131ndan \u00c7aml\u0131ca K\u00f6y\u00fc\u2019nde ger\u00e7ekle\u015ftirilen e\u011fitimde; iyi tar\u0131m uygulamalar\u0131, g\u00fcbre \u00e7e\u015fitleri ve g\u00fcbreleme y\u00f6ntemleri ele al\u0131nd\u0131. Yetkililer, \u00fcretimde s\u00fcrd\u00fcr\u00fclebilirli\u011fi g\u00fc\u00e7lendirmek ve verimlili\u011fi art\u0131rmak amac\u0131yla benzer \u00e7al\u0131\u015fmalar\u0131n devam&#8230;<\/p>\n","protected":false},"author":1,"featured_media":88935,"comment_status":"open","ping_status":"open","sticky":false,"template":"","format":"standard","meta":{"_crdt_document":"","footnotes":""},"categories":[125],"tags":[],"class_list":["post-88934","post","type-post","status-publish","format-standard","has-post-thumbnail","hentry","category-ekonomi"],"_links":{"self":[{"href":"https:\/\/www.egemtv.com\/index.php?rest_route=\/wp\/v2\/posts\/88934","targetHints":{"allow":["GET"]}}],"collection":[{"href":"https:\/\/www.egemtv.com\/index.php?rest_route=\/wp\/v2\/posts"}],"about":[{"href":"https:\/\/www.egemtv.com\/index.php?rest_route=\/wp\/v2\/types\/post"}],"author":[{"embeddable":true,"href":"https:\/\/www.egemtv.com\/index.php?rest_route=\/wp\/v2\/users\/1"}],"replies":[{"embeddable":true,"href":"https:\/\/www.egemtv.com\/index.php?rest_route=%2Fwp%2Fv2%2Fcomments&post=88934"}],"version-history":[{"count":1,"href":"https:\/\/www.egemtv.com\/index.php?rest_route=\/wp\/v2\/posts\/88934\/revisions"}],"predecessor-version":[{"id":88936,"href":"https:\/\/www.egemtv.com\/index.php?rest_route=\/wp\/v2\/posts\/88934\/revisions\/88936"}],"wp:featuredmedia":[{"embeddable":true,"href":"https:\/\/www.egemtv.com\/index.php?rest_route=\/wp\/v2\/media\/88935"}],"wp:attachment":[{"href":"https:\/\/www.egemtv.com\/index.php?rest_route=%2Fwp%2Fv2%2Fmedia&parent=88934"}],"wp:term":[{"taxonomy":"category","embeddable":true,"href":"https:\/\/www.egemtv.com\/index.php?rest_route=%2Fwp%2Fv2%2Fcategories&post=88934"},{"taxonomy":"post_tag","embeddable":true,"href":"https:\/\/www.egemtv.com\/index.php?rest_route=%2Fwp%2Fv2%2Ftags&post=88934"}],"curies":[{"name":"wp","href":"https:\/\/api.w.org\/{rel}","templated":true}]}}