{"id":88931,"date":"2026-02-19T10:54:49","date_gmt":"2026-02-19T07:54:49","guid":{"rendered":"https:\/\/www.egemtv.com\/?p=88931"},"modified":"2026-02-19T10:54:50","modified_gmt":"2026-02-19T07:54:50","slug":"kucuk-menderes-nehri-tasti-bayindirda-ova-koylerinde-ekinler-ve-yollar-zarar-gordu","status":"publish","type":"post","link":"https:\/\/www.egemtv.com\/?p=88931","title":{"rendered":"K\u00fc\u00e7\u00fck Menderes Nehri ta\u015ft\u0131, Bay\u0131nd\u0131r\u2019da ova k\u00f6ylerinde ekinler ve yollar zarar g\u00f6rd\u00fc"},"content":{"rendered":"<p>K\u00fc\u00e7\u00fck Menderes Nehri\u2019nin ta\u015fmas\u0131 sonucu Bay\u0131nd\u0131r\u2019da bir\u00e7ok mahallede tar\u0131m arazileri sular alt\u0131nda kald\u0131, yollar kapand\u0131, k\u00f6pr\u00fcler zarar g\u00f6rd\u00fc. \u0130l\u00e7ede etkili olan kuvvetli ya\u011f\u0131\u015f\u0131n ard\u0131ndan hasar tespit \u00e7al\u0131\u015fmalar\u0131 ba\u015flat\u0131ld\u0131.<br \/>\n<br \/>D\u00fcn gece etkili olan sa\u011fanak ya\u011f\u0131\u015f sonras\u0131 \u00f6zellikle Elifli, Ye\u015filova ve Ergenli mahallelerinde ciddi hasarlar meydana geldi. Baz\u0131 b\u00f6lgelerde direkler devrilirken, k\u00f6pr\u00fclerde hasar olu\u015ftu, ula\u015f\u0131mda aksamalar ya\u015fand\u0131 ve \u00e7e\u015fitli noktalarda toprak kaymalar\u0131 meydana geldi.<br \/>\n<br \/>Elifli Mahallesi\u2019nde Ulad\u0131 \u00c7ay\u0131\u2019n\u0131n ta\u015fmas\u0131 sonucu bu\u011fday, arpa ve k\u0131\u015fl\u0131k sebzeler sular alt\u0131nda kald\u0131. Ta\u015fk\u0131n nedeniyle bir elektrik dire\u011fi yan yatarken mahallede elektrik kesintisi ya\u015fand\u0131. Ar\u0131za giderme \u00e7al\u0131\u015fmalar\u0131n\u0131n s\u00fcrd\u00fc\u011f\u00fc bildirildi.<\/p>\n<p>Tar\u0131m arazileri ve zeytinlikler zarar g\u00f6rd\u00fc<br \/>\n<br \/>Ye\u015filova Mahallesi\u2019nde ekili arpa, bu\u011fday ve \u00e7i\u00e7eklerin zarar g\u00f6rd\u00fc\u011f\u00fc, baz\u0131 zeytin a\u011fa\u00e7lar\u0131n\u0131n su bask\u0131n\u0131ndan etkilendi\u011fi \u00f6\u011frenildi. Evlerde su bask\u0131nlar\u0131 ya\u015fan\u0131rken, Bay\u0131nd\u0131r Kaymakaml\u0131\u011f\u0131 ekipleri b\u00f6lgede incelemelerde bulunarak hasar tespit \u00e7al\u0131\u015fmalar\u0131na ba\u015flad\u0131.<br \/>\n<br \/>Ergenli Mahallesi\u2019nde de ekinlerin sular alt\u0131nda kald\u0131\u011f\u0131, baz\u0131 zeytin a\u011fa\u00e7lar\u0131n\u0131n k\u00f6klerinden s\u00f6k\u00fcld\u00fc\u011f\u00fc belirtildi. \u00c7enikler yolu ba\u015fta olmak \u00fczere farkl\u0131 noktalarda toprak kaymalar\u0131 ya\u015fand\u0131\u011f\u0131, Il\u0131ca mevkisinde iki derenin birle\u015fmesiyle su seviyesinin y\u00fckseldi\u011fi kaydedildi. Mahallede baz\u0131 bah\u00e7e duvarlar\u0131 y\u0131k\u0131l\u0131rken, sebze ve meyve bah\u00e7elerinde zarar olu\u015ftu.<\/p>\n<p>Yollar kapand\u0131<br \/>\n<br \/>Derek\u00f6y Mahallesi\u2019nde dere kenar\u0131ndaki \u00e7ay ve sebze bah\u00e7eleri su alt\u0131nda kal\u0131rken, Il\u0131ca \u00c7ay Bah\u00e7esi\u2019ni su bast\u0131. Derek\u00f6y-Hisarl\u0131k aras\u0131ndaki yolda hafif hasar meydana geldi.<br \/>\n<br \/>Hask\u00f6y Mahallesi\u2019nde hayvan damlar\u0131n\u0131 su basarken, baz\u0131 yollar ula\u015f\u0131ma kapand\u0131. Osmanlar Mahallesi\u2019nde toprak kaymas\u0131 nedeniyle \u00fc\u00e7 yol kapand\u0131; ekiplerin \u00e7al\u0131\u015fmas\u0131yla iki yol yeniden ula\u015f\u0131ma a\u00e7\u0131ld\u0131. Kemalpa\u015fa\u2019y\u0131 Kanberler\u2019e ba\u011flayan 5 kilometrelik yolun ise kapal\u0131 oldu\u011fu bildirildi.<br \/>\n<br \/>K\u0131z\u0131lke\u00e7ili Mahallesi\u2019nde \u00fc\u00e7 k\u00f6pr\u00fcn\u00fcn zarar g\u00f6rd\u00fc\u011f\u00fc, ikisinin tamamen g\u00f6\u00e7t\u00fc\u011f\u00fc, birinin ise aya\u011f\u0131nda \u00e7atlak olu\u015ftu\u011fu belirtildi. Dar\u0131ca Yaylas\u0131\u2019na giden yollar\u0131n kapal\u0131 oldu\u011fu, Alank\u00f6y giri\u015findeki Tersdere, Ta\u015f\u00e7ubuk ve Ar\u0131klarderesi k\u00f6pr\u00fclerinin kullan\u0131lamaz hale geldi\u011fi kaydedildi.<\/p>\n<p>Hasar tespit \u00e7al\u0131\u015fmalar\u0131 s\u00fcr\u00fcyor<br \/>\n<br \/>Furunlu Mahallesi\u2019nde ovan\u0131n b\u00fcy\u00fck b\u00f6l\u00fcm\u00fcn\u00fcn sular alt\u0131nda kald\u0131\u011f\u0131 belirtilirken, can kayb\u0131 ya\u015fanmamas\u0131n\u0131n sevindirici oldu\u011fu ifade edildi. \u00c7\u0131nardibi Mahallesi\u2019nde ise yollarda bozulmalar meydana geldi\u011fi, ancak b\u00fcy\u00fck \u00e7apl\u0131 bir hasar olu\u015fmad\u0131\u011f\u0131 bildirildi.<br \/>\n<br \/>Yetkililer b\u00f6lgede hasar tespit \u00e7al\u0131\u015fmalar\u0131n\u0131 s\u00fcrd\u00fcr\u00fcrken, vatanda\u015flar dere \u0131slah\u0131 ve altyap\u0131 \u00e7al\u0131\u015fmalar\u0131n\u0131n h\u0131zland\u0131r\u0131lmas\u0131n\u0131 talep etti.<br \/><\/p>\n","protected":false},"excerpt":{"rendered":"<p>K\u00fc\u00e7\u00fck Menderes Nehri\u2019nin ta\u015fmas\u0131 sonucu Bay\u0131nd\u0131r\u2019da bir\u00e7ok mahallede tar\u0131m arazileri sular alt\u0131nda kald\u0131, yollar kapand\u0131, k\u00f6pr\u00fcler zarar g\u00f6rd\u00fc. \u0130l\u00e7ede etkili olan kuvvetli ya\u011f\u0131\u015f\u0131n ard\u0131ndan hasar tespit \u00e7al\u0131\u015fmalar\u0131 ba\u015flat\u0131ld\u0131. D\u00fcn gece etkili olan sa\u011fanak ya\u011f\u0131\u015f sonras\u0131 \u00f6zellikle Elifli, Ye\u015filova ve Ergenli mahallelerinde ciddi hasarlar meydana geldi. Baz\u0131 b\u00f6lgelerde direkler devrilirken, k\u00f6pr\u00fclerde hasar olu\u015ftu, ula\u015f\u0131mda aksamalar ya\u015fand\u0131&#8230;<\/p>\n","protected":false},"author":1,"featured_media":88932,"comment_status":"open","ping_status":"open","sticky":false,"template":"","format":"standard","meta":{"_crdt_document":"","footnotes":""},"categories":[1],"tags":[],"class_list":["post-88931","post","type-post","status-publish","format-standard","has-post-thumbnail","hentry","category-guncel"],"_links":{"self":[{"href":"https:\/\/www.egemtv.com\/index.php?rest_route=\/wp\/v2\/posts\/88931","targetHints":{"allow":["GET"]}}],"collection":[{"href":"https:\/\/www.egemtv.com\/index.php?rest_route=\/wp\/v2\/posts"}],"about":[{"href":"https:\/\/www.egemtv.com\/index.php?rest_route=\/wp\/v2\/types\/post"}],"author":[{"embeddable":true,"href":"https:\/\/www.egemtv.com\/index.php?rest_route=\/wp\/v2\/users\/1"}],"replies":[{"embeddable":true,"href":"https:\/\/www.egemtv.com\/index.php?rest_route=%2Fwp%2Fv2%2Fcomments&post=88931"}],"version-history":[{"count":1,"href":"https:\/\/www.egemtv.com\/index.php?rest_route=\/wp\/v2\/posts\/88931\/revisions"}],"predecessor-version":[{"id":88933,"href":"https:\/\/www.egemtv.com\/index.php?rest_route=\/wp\/v2\/posts\/88931\/revisions\/88933"}],"wp:featuredmedia":[{"embeddable":true,"href":"https:\/\/www.egemtv.com\/index.php?rest_route=\/wp\/v2\/media\/88932"}],"wp:attachment":[{"href":"https:\/\/www.egemtv.com\/index.php?rest_route=%2Fwp%2Fv2%2Fmedia&parent=88931"}],"wp:term":[{"taxonomy":"category","embeddable":true,"href":"https:\/\/www.egemtv.com\/index.php?rest_route=%2Fwp%2Fv2%2Fcategories&post=88931"},{"taxonomy":"post_tag","embeddable":true,"href":"https:\/\/www.egemtv.com\/index.php?rest_route=%2Fwp%2Fv2%2Ftags&post=88931"}],"curies":[{"name":"wp","href":"https:\/\/api.w.org\/{rel}","templated":true}]}}