{"id":88901,"date":"2026-02-19T09:35:01","date_gmt":"2026-02-19T06:35:01","guid":{"rendered":"https:\/\/www.egemtv.com\/?p=88901"},"modified":"2026-02-19T09:35:02","modified_gmt":"2026-02-19T06:35:02","slug":"taskinlara-neden-olan-yagmurlar-kuruyan-selaleyi-canlandirdi","status":"publish","type":"post","link":"https:\/\/www.egemtv.com\/?p=88901","title":{"rendered":"Ta\u015fk\u0131nlara neden olan ya\u011fmurlar kuruyan \u015felaleyi canland\u0131rd\u0131"},"content":{"rendered":"<p>Son d\u00f6nemde ta\u015fk\u0131nlara neden olan ya\u011fmurlar\u0131n ard\u0131ndan Manisa\u2019n\u0131n bin 517 metre rak\u0131ml\u0131 Spil Da\u011f\u0131 Milli Park\u0131\u2019nda uzun y\u0131llard\u0131r kurudu\u011fu bilinen bir \u015felale yeniden hayat buldu. Yakla\u015f\u0131k 50 metrelik y\u00fckseklikten kayal\u0131klara do\u011fru akan \u015felale, seyrine doyum olmayan manzaralar sunuyor. \u00d6te yandan Spil Da\u011f\u0131 Milli Park\u0131n\u0131n endemik bitkileri aras\u0131nda yer alan kardelen ve \u00e7i\u011fdem bitkileri de \u00e7i\u00e7ek a\u00e7arken \u00e7i\u00e7eklere zarar vermenin cezas\u0131 699 bin 245 TL olarak belirlendi.<br \/>\n<br \/>Manisa\u2019n\u0131n bin 517 metre rak\u0131ml\u0131 Spil Da\u011f\u0131 Milli Park\u0131, ziyaret\u00e7ilerine doyum olmayan manzaralar sunmaya devam ediyor. Son d\u00f6nemde Manisa genelinde etkili olan ve Gediz Nehri\u2019nin ta\u015fmas\u0131na, ba\u011flar\u0131n ve baz\u0131 evlerin sular alt\u0131nda kalmas\u0131na neden olan yo\u011fun ya\u011f\u0131\u015flar\u0131n ard\u0131ndan Spil Da\u011f\u0131 Milli Park\u0131\u2019nda da dikkat \u00e7eken bir do\u011fa olay\u0131 ya\u015fand\u0131. Spil Da\u011f\u0131 Milli Park\u0131\u2019nda Uzun y\u0131llard\u0131r kurudu\u011fu bilinen \u015felale yeniden son ya\u011f\u0131\u015flarla birlikte adeta yeniden hayat buldu. Yakla\u015f\u0131k 50 metrelik y\u00fckseklikten kayal\u0131klara do\u011fru akan su, ta\u015fk\u0131nlar\u0131n neden oldu\u011fu olumsuz tabloya kar\u015f\u0131n do\u011fan\u0131n yeniden canlanmas\u0131n\u0131 g\u00f6zler \u00f6n\u00fcne serdi. Eriyen kar sular\u0131yla da beslenen \u015felalenin ortaya \u00e7\u0131kard\u0131\u011f\u0131 manzara seyrine doyum olmayan g\u00f6rsel \u015f\u00f6len sunarken, yaz aylar\u0131na do\u011fru \u015felalenin yeniden kurumas\u0131 bekleniyor.<br \/>\n<br \/>\u00d6te yandan Spil Da\u011f\u0131 Milli Park\u0131nda bulunan orman k\u00f6\u015fkleri de ziyaret\u00e7ilerinin a\u011f\u0131rlamaya devam ediyor. Ramazan boyunca da a\u00e7\u0131k olacak orman k\u00f6\u015fklerinde konaklamak isteyen misafirler Milli Parklardan bu yerleri kiralayarak Spil Da\u011f\u0131\u2019n\u0131n e\u015fsiz do\u011fas\u0131yla vakit ge\u00e7irebilecekler. Ayr\u0131ca orman k\u00f6\u015fklerinin hemen yan\u0131nda bulunan g\u00f6let de DS\u0130 taraf\u0131ndan yeniden restore edilecek. G\u00f6lette olu\u015fan obruklar\u0131n kapat\u0131larak yeniden su tutmas\u0131 sa\u011flanarak gelen misafirlerin vakit ge\u00e7irebilecekleri \u00f6nemli bir alan olmas\u0131 hedefleniyor.<\/p>\n<p>Bu \u00e7i\u00e7eklere zarar vermenin bedeli 699 bin 245 TL<br \/>\n<br \/>Spil Da\u011f\u0131\u2019nda son g\u00fcnlerde ya\u011fmurun ard\u0131ndan kar ya\u011f\u0131\u015f\u0131 da etkisini g\u00f6sterdi. \u00d6zellikle zirve kesimlerde k\u0131sa s\u00fcreli de olsa etkili olan tipi, y\u00fcksek rak\u0131ml\u0131 alanlar\u0131 beyaz \u00f6rt\u00fcyle kaplad\u0131. Kar ya\u011f\u0131\u015f\u0131yla birlikte kardelen ve \u00e7i\u011fdemler \u00e7i\u00e7ek a\u00e7arak do\u011faseverlere g\u00f6rsel \u015f\u00f6len sundu. T\u00fcrkiye\u2019nin \u00f6nemli bitki \u00e7e\u015fitlili\u011fi alanlar\u0131ndan biri olan Spil Da\u011f\u0131 Milli Park\u0131\u2019nda toplam 593 bitki t\u00fcr\u00fc bulunurken, bunlar\u0131n 78\u2019ini yaln\u0131zca Spil Da\u011f\u0131 Milli Park\u0131\u2019nda yeti\u015fen endemik t\u00fcrler olu\u015fturuyor. Kardelen ve \u00e7i\u011fdem de bu \u00f6zel t\u00fcrler aras\u0131nda yer al\u0131rken, biyolojik zenginli\u011fin korunmas\u0131 amac\u0131yla bu bitkileri koparanlara 699 bin 245 TL idari para cezas\u0131 uygulan\u0131yor.<br \/><\/p>\n","protected":false},"excerpt":{"rendered":"<p>Son d\u00f6nemde ta\u015fk\u0131nlara neden olan ya\u011fmurlar\u0131n ard\u0131ndan Manisa\u2019n\u0131n bin 517 metre rak\u0131ml\u0131 Spil Da\u011f\u0131 Milli Park\u0131\u2019nda uzun y\u0131llard\u0131r kurudu\u011fu bilinen bir \u015felale yeniden hayat buldu. Yakla\u015f\u0131k 50 metrelik y\u00fckseklikten kayal\u0131klara do\u011fru akan \u015felale, seyrine doyum olmayan manzaralar sunuyor. \u00d6te yandan Spil Da\u011f\u0131 Milli Park\u0131n\u0131n endemik bitkileri aras\u0131nda yer alan kardelen ve \u00e7i\u011fdem bitkileri de \u00e7i\u00e7ek&#8230;<\/p>\n","protected":false},"author":1,"featured_media":88902,"comment_status":"open","ping_status":"open","sticky":false,"template":"","format":"standard","meta":{"_crdt_document":"","footnotes":""},"categories":[1],"tags":[],"class_list":["post-88901","post","type-post","status-publish","format-standard","has-post-thumbnail","hentry","category-guncel"],"_links":{"self":[{"href":"https:\/\/www.egemtv.com\/index.php?rest_route=\/wp\/v2\/posts\/88901","targetHints":{"allow":["GET"]}}],"collection":[{"href":"https:\/\/www.egemtv.com\/index.php?rest_route=\/wp\/v2\/posts"}],"about":[{"href":"https:\/\/www.egemtv.com\/index.php?rest_route=\/wp\/v2\/types\/post"}],"author":[{"embeddable":true,"href":"https:\/\/www.egemtv.com\/index.php?rest_route=\/wp\/v2\/users\/1"}],"replies":[{"embeddable":true,"href":"https:\/\/www.egemtv.com\/index.php?rest_route=%2Fwp%2Fv2%2Fcomments&post=88901"}],"version-history":[{"count":1,"href":"https:\/\/www.egemtv.com\/index.php?rest_route=\/wp\/v2\/posts\/88901\/revisions"}],"predecessor-version":[{"id":88903,"href":"https:\/\/www.egemtv.com\/index.php?rest_route=\/wp\/v2\/posts\/88901\/revisions\/88903"}],"wp:featuredmedia":[{"embeddable":true,"href":"https:\/\/www.egemtv.com\/index.php?rest_route=\/wp\/v2\/media\/88902"}],"wp:attachment":[{"href":"https:\/\/www.egemtv.com\/index.php?rest_route=%2Fwp%2Fv2%2Fmedia&parent=88901"}],"wp:term":[{"taxonomy":"category","embeddable":true,"href":"https:\/\/www.egemtv.com\/index.php?rest_route=%2Fwp%2Fv2%2Fcategories&post=88901"},{"taxonomy":"post_tag","embeddable":true,"href":"https:\/\/www.egemtv.com\/index.php?rest_route=%2Fwp%2Fv2%2Ftags&post=88901"}],"curies":[{"name":"wp","href":"https:\/\/api.w.org\/{rel}","templated":true}]}}