{"id":88898,"date":"2026-02-19T09:14:34","date_gmt":"2026-02-19T06:14:34","guid":{"rendered":"https:\/\/www.egemtv.com\/?p=88898"},"modified":"2026-02-19T09:14:35","modified_gmt":"2026-02-19T06:14:35","slug":"fotografcilar-buldanda-sahaya-indi","status":"publish","type":"post","link":"https:\/\/www.egemtv.com\/?p=88898","title":{"rendered":"Foto\u011fraf\u00e7\u0131lar Buldan\u2019da sahaya indi"},"content":{"rendered":"<p>Denizli B\u00fcy\u00fck\u015fehir Belediyesi taraf\u0131ndan d\u00fczenlenen Temel Foto\u011fraf\u00e7\u0131l\u0131k E\u011fitimi kapsam\u0131nda kursiyerler bu kez sahaya \u00e7\u0131karak \u00f6\u011frendiklerini uygulama f\u0131rsat\u0131 buldu. Gen\u00e7lik ve Spor Hizmetleri Dairesi Gen\u00e7lik Hizmetleri \u015eube M\u00fcd\u00fcrl\u00fc\u011f\u00fc koordinesinde ger\u00e7ekle\u015ftirilen gezi program\u0131nda yakla\u015f\u0131k 80 ki\u015filik ekip, Buldan il\u00e7esinde bir araya geldi.<\/p>\n<p>Foto\u011fraf sanat\u00e7\u0131s\u0131 Zeki Akak\u00e7a\u2019n\u0131n rehberli\u011finde d\u00fczenlenen saha \u00e7al\u0131\u015fmas\u0131nda kat\u0131l\u0131mc\u0131lar, e\u011fitim s\u00fcrecinde edindikleri teorik bilgileri prati\u011fe d\u00f6n\u00fc\u015ft\u00fcrme imkan\u0131 buldu. I\u015f\u0131k kullan\u0131m\u0131, kompozisyon kurgusu, bak\u0131\u015f a\u00e7\u0131s\u0131, alan derinli\u011fi ve do\u011fru kadraj gibi temel foto\u011fraf teknikleri, il\u00e7enin do\u011fal ve tarihi mekanlar\u0131nda uygulamal\u0131 olarak \u00e7al\u0131\u015f\u0131ld\u0131.<\/p>\n<p>Saha \u00e7al\u0131\u015fmalar\u0131 s\u00fcrecek<br \/>\n<br \/>Buldan\u2019\u0131n \u00f6zg\u00fcn mimarisi, tarihi sokaklar\u0131 ve do\u011fal g\u00fczellikleri e\u015fli\u011finde ger\u00e7ekle\u015ftirilen \u00e7ekimlerde kursiyerler hem teknik becerilerini geli\u015ftirdi hem de estetik bak\u0131\u015f a\u00e7\u0131lar\u0131n\u0131 g\u00fc\u00e7lendirdi. E\u011fitici oldu\u011fu kadar keyifli bir atmosferde tamamlanan saha gezisi, kursiyerlerin deneyim kazanmas\u0131na \u00f6nemli katk\u0131 sa\u011flad\u0131. Denizli B\u00fcy\u00fck\u015fehir Belediyesi\u2019nin sanat ve k\u00fclt\u00fcr alan\u0131ndaki e\u011fitim faaliyetleri kapsam\u0131nda devam eden Temel Foto\u011fraf\u00e7\u0131l\u0131k E\u011fitimi, ilerleyen haftalarda farkl\u0131 uygulama \u00e7al\u0131\u015fmalar\u0131yla s\u00fcrd\u00fcr\u00fclecek. E\u011fitim sonunda ortaya \u00e7\u0131kan en ba\u015far\u0131l\u0131 kareler ise d\u00fczenlenecek \u00f6zel bir sergiyle sanatseverlerin be\u011fenisine sunulacak.<br \/><\/p>\n","protected":false},"excerpt":{"rendered":"<p>Denizli B\u00fcy\u00fck\u015fehir Belediyesi taraf\u0131ndan d\u00fczenlenen Temel Foto\u011fraf\u00e7\u0131l\u0131k E\u011fitimi kapsam\u0131nda kursiyerler bu kez sahaya \u00e7\u0131karak \u00f6\u011frendiklerini uygulama f\u0131rsat\u0131 buldu. Gen\u00e7lik ve Spor Hizmetleri Dairesi Gen\u00e7lik Hizmetleri \u015eube M\u00fcd\u00fcrl\u00fc\u011f\u00fc koordinesinde ger\u00e7ekle\u015ftirilen gezi program\u0131nda yakla\u015f\u0131k 80 ki\u015filik ekip, Buldan il\u00e7esinde bir araya geldi. Foto\u011fraf sanat\u00e7\u0131s\u0131 Zeki Akak\u00e7a\u2019n\u0131n rehberli\u011finde d\u00fczenlenen saha \u00e7al\u0131\u015fmas\u0131nda kat\u0131l\u0131mc\u0131lar, e\u011fitim s\u00fcrecinde edindikleri teorik bilgileri prati\u011fe&#8230;<\/p>\n","protected":false},"author":1,"featured_media":88899,"comment_status":"open","ping_status":"open","sticky":false,"template":"","format":"standard","meta":{"_crdt_document":"","footnotes":""},"categories":[1],"tags":[],"class_list":["post-88898","post","type-post","status-publish","format-standard","has-post-thumbnail","hentry","category-guncel"],"_links":{"self":[{"href":"https:\/\/www.egemtv.com\/index.php?rest_route=\/wp\/v2\/posts\/88898","targetHints":{"allow":["GET"]}}],"collection":[{"href":"https:\/\/www.egemtv.com\/index.php?rest_route=\/wp\/v2\/posts"}],"about":[{"href":"https:\/\/www.egemtv.com\/index.php?rest_route=\/wp\/v2\/types\/post"}],"author":[{"embeddable":true,"href":"https:\/\/www.egemtv.com\/index.php?rest_route=\/wp\/v2\/users\/1"}],"replies":[{"embeddable":true,"href":"https:\/\/www.egemtv.com\/index.php?rest_route=%2Fwp%2Fv2%2Fcomments&post=88898"}],"version-history":[{"count":1,"href":"https:\/\/www.egemtv.com\/index.php?rest_route=\/wp\/v2\/posts\/88898\/revisions"}],"predecessor-version":[{"id":88900,"href":"https:\/\/www.egemtv.com\/index.php?rest_route=\/wp\/v2\/posts\/88898\/revisions\/88900"}],"wp:featuredmedia":[{"embeddable":true,"href":"https:\/\/www.egemtv.com\/index.php?rest_route=\/wp\/v2\/media\/88899"}],"wp:attachment":[{"href":"https:\/\/www.egemtv.com\/index.php?rest_route=%2Fwp%2Fv2%2Fmedia&parent=88898"}],"wp:term":[{"taxonomy":"category","embeddable":true,"href":"https:\/\/www.egemtv.com\/index.php?rest_route=%2Fwp%2Fv2%2Fcategories&post=88898"},{"taxonomy":"post_tag","embeddable":true,"href":"https:\/\/www.egemtv.com\/index.php?rest_route=%2Fwp%2Fv2%2Ftags&post=88898"}],"curies":[{"name":"wp","href":"https:\/\/api.w.org\/{rel}","templated":true}]}}