{"id":88895,"date":"2026-02-19T06:14:31","date_gmt":"2026-02-19T03:14:31","guid":{"rendered":"https:\/\/www.egemtv.com\/?p=88895"},"modified":"2026-02-19T06:14:31","modified_gmt":"2026-02-19T03:14:31","slug":"kutahyada-cay-evinde-bicakli-saldiri-ani-kamerada-1-agir-yarali","status":"publish","type":"post","link":"https:\/\/www.egemtv.com\/?p=88895","title":{"rendered":"K\u00fctahya\u2019da \u00e7ay evinde b\u0131\u00e7akl\u0131 sald\u0131r\u0131 an\u0131 kamerada: 1 a\u011f\u0131r yaral\u0131"},"content":{"rendered":"<p>K\u00fctahya\u2019da bir \u00e7ay evinde meydana gelen b\u0131\u00e7akl\u0131 sald\u0131r\u0131da bir ki\u015fi a\u011f\u0131r yaraland\u0131. Sald\u0131r\u0131 an\u0131, i\u015f yerinin g\u00fcvenlik kameras\u0131na yans\u0131d\u0131.<br \/>\n<br \/>Olay, Meydan Mahallesi Mithatpa\u015fa Caddesi \u00fczerindeki bir \u00e7ay evinde meydana geldi. Edinilen bilgilere g\u00f6re, kimli\u011fi hen\u00fcz a\u00e7\u0131klanmayan bir \u015f\u00fcpheli, \u00e7ay oca\u011f\u0131nda m\u00fc\u015fteri olarak bulunan Y.K.\u2019ya b\u0131\u00e7akla sald\u0131rd\u0131. Omuz ve s\u0131rt\u0131ndan ald\u0131\u011f\u0131 b\u0131\u00e7ak darbeleriyle a\u011f\u0131r yaralanan Y.K. kanlar i\u00e7inde yere y\u0131\u011f\u0131l\u0131rken, \u015f\u00fcpheli olay yerinden ka\u00e7t\u0131. \u0130hbar \u00fczerine olay yerine sa\u011fl\u0131k ve \u00e7ok say\u0131da polis ekibi sevk edildi. Sa\u011fl\u0131k ekipleri taraf\u0131ndan olay yerinde ilk m\u00fcdahalesi yap\u0131lan yaral\u0131, ambulansla K\u00fctahya \u015eehir Hastanesi\u2019ne kald\u0131r\u0131ld\u0131.<br \/>\n<br \/>\u00d6te yandan sald\u0131r\u0131 an\u0131 i\u015f yerinin g\u00fcvenlik kameras\u0131na anbean yans\u0131d\u0131. G\u00f6r\u00fcnt\u00fclerde \u015f\u00fcphelinin \u00e7ay evine girerek Y.K.\u2019y\u0131 b\u0131\u00e7aklad\u0131\u011f\u0131 anlar\u0131n yer ald\u0131\u011f\u0131 g\u00f6r\u00fcld\u00fc.<br \/>\n<br \/>\u015e\u00fcpheli, olaydan k\u0131sa bir s\u00fcre sonra polis ekiplerince yakalanarak g\u00f6zalt\u0131na al\u0131nd\u0131. Olayla ilgili soru\u015fturma s\u00fcr\u00fcyor.<br \/><\/p>\n","protected":false},"excerpt":{"rendered":"<p>K\u00fctahya\u2019da bir \u00e7ay evinde meydana gelen b\u0131\u00e7akl\u0131 sald\u0131r\u0131da bir ki\u015fi a\u011f\u0131r yaraland\u0131. Sald\u0131r\u0131 an\u0131, i\u015f yerinin g\u00fcvenlik kameras\u0131na yans\u0131d\u0131. Olay, Meydan Mahallesi Mithatpa\u015fa Caddesi \u00fczerindeki bir \u00e7ay evinde meydana geldi. Edinilen bilgilere g\u00f6re, kimli\u011fi hen\u00fcz a\u00e7\u0131klanmayan bir \u015f\u00fcpheli, \u00e7ay oca\u011f\u0131nda m\u00fc\u015fteri olarak bulunan Y.K.\u2019ya b\u0131\u00e7akla sald\u0131rd\u0131. Omuz ve s\u0131rt\u0131ndan ald\u0131\u011f\u0131 b\u0131\u00e7ak darbeleriyle a\u011f\u0131r yaralanan Y.K&#8230;.<\/p>\n","protected":false},"author":1,"featured_media":88896,"comment_status":"open","ping_status":"open","sticky":false,"template":"","format":"standard","meta":{"_crdt_document":"","footnotes":""},"categories":[5],"tags":[],"class_list":["post-88895","post","type-post","status-publish","format-standard","has-post-thumbnail","hentry","category-asayis"],"_links":{"self":[{"href":"https:\/\/www.egemtv.com\/index.php?rest_route=\/wp\/v2\/posts\/88895","targetHints":{"allow":["GET"]}}],"collection":[{"href":"https:\/\/www.egemtv.com\/index.php?rest_route=\/wp\/v2\/posts"}],"about":[{"href":"https:\/\/www.egemtv.com\/index.php?rest_route=\/wp\/v2\/types\/post"}],"author":[{"embeddable":true,"href":"https:\/\/www.egemtv.com\/index.php?rest_route=\/wp\/v2\/users\/1"}],"replies":[{"embeddable":true,"href":"https:\/\/www.egemtv.com\/index.php?rest_route=%2Fwp%2Fv2%2Fcomments&post=88895"}],"version-history":[{"count":1,"href":"https:\/\/www.egemtv.com\/index.php?rest_route=\/wp\/v2\/posts\/88895\/revisions"}],"predecessor-version":[{"id":88897,"href":"https:\/\/www.egemtv.com\/index.php?rest_route=\/wp\/v2\/posts\/88895\/revisions\/88897"}],"wp:featuredmedia":[{"embeddable":true,"href":"https:\/\/www.egemtv.com\/index.php?rest_route=\/wp\/v2\/media\/88896"}],"wp:attachment":[{"href":"https:\/\/www.egemtv.com\/index.php?rest_route=%2Fwp%2Fv2%2Fmedia&parent=88895"}],"wp:term":[{"taxonomy":"category","embeddable":true,"href":"https:\/\/www.egemtv.com\/index.php?rest_route=%2Fwp%2Fv2%2Fcategories&post=88895"},{"taxonomy":"post_tag","embeddable":true,"href":"https:\/\/www.egemtv.com\/index.php?rest_route=%2Fwp%2Fv2%2Ftags&post=88895"}],"curies":[{"name":"wp","href":"https:\/\/api.w.org\/{rel}","templated":true}]}}