{"id":88892,"date":"2026-02-18T22:56:09","date_gmt":"2026-02-18T19:56:09","guid":{"rendered":"https:\/\/www.egemtv.com\/?p=88892"},"modified":"2026-02-18T22:56:10","modified_gmt":"2026-02-18T19:56:10","slug":"manisa-fk-bandirmaspor-macinin-ardindan","status":"publish","type":"post","link":"https:\/\/www.egemtv.com\/?p=88892","title":{"rendered":"Manisa FK &#8211; Band\u0131rmaspor ma\u00e7\u0131n\u0131n ard\u0131ndan"},"content":{"rendered":"<p>Trendyol 1. Lig\u2019in 26. haftas\u0131nda oynanan Manisa FK-Band\u0131rmaspor ma\u00e7\u0131n\u0131n ard\u0131ndan iki tak\u0131m\u0131n teknik sorumlular\u0131 bas\u0131n toplant\u0131s\u0131nda a\u00e7\u0131klamalarda bulundu.<br \/>\n<br \/>Trendyol 1. Lig\u2019in 26. haftas\u0131nda Manisa FK, sahas\u0131nda konuk etti\u011fi Band\u0131rmaspor\u2019u 3-2 ma\u011flup etti. Ma\u00e7\u0131n ard\u0131ndan bas\u0131n toplant\u0131s\u0131nda konu\u015fan Manisa FK Antren\u00f6r\u00fc Ahmet Pekta\u015f, &#8220;Ge\u00e7en hafta \u015fanss\u0131z bir ma\u011flubiyet ald\u0131k. Bunu oyunculara aktar\u0131rken \u015f\u00f6yle aktarm\u0131\u015ft\u0131m: \u2018Biz b\u00fcy\u00fck bir tak\u0131m\u0131z, oyun g\u00fcc\u00fcm\u00fcz var ve b\u00fcy\u00fck tak\u0131mlar ma\u00e7 kaybetmedi\u011fi i\u00e7in b\u00fcy\u00fck olmaz. Kaybetti\u011fi ma\u00e7tan sonra verdi\u011fi reaksiyonla b\u00fcy\u00fck olur\u2019 Ona g\u00f6re haz\u0131rland\u0131k. Evet s\u00fcre\u00e7 bizim i\u00e7in k\u0131sayd\u0131. Ama \u00e7ok do\u011fru haz\u0131rland\u0131k. Do\u011fru analiz ettik. Rakibimiz iyi \u00e7al\u0131\u015ft\u0131k. \u015eanss\u0131z goller yedik. Bizim i\u00e7in belki de daha \u00e7ok bu galibiyeti ta\u00e7land\u0131ran 2-0\u2019dan geriye gelip bu galibiyeti almam\u0131zd\u0131. Oyuncular\u0131m\u0131n her biriyle ayr\u0131 ayr\u0131 gurur duyuyorum. Hepsi var olsun. \u00c7ok \u00e7al\u0131\u015ft\u0131. Hi\u00e7 s\u00f6z\u00fcm\u00fczden \u00e7\u0131kmad\u0131. D\u0131\u015f antrenmanda yapt\u0131\u011f\u0131m\u0131z her \u015feyi uygulad\u0131lar. Band\u0131rmaspor\u2019a kalan ma\u00e7lar\u0131nda ba\u015far\u0131lar diliyorum. \u00c7ok da sevinecek vaktimiz yok zaten. Pazar g\u00fcn\u00fc bir ma\u00e7\u0131m\u0131z daha var. Hemen onun haz\u0131rl\u0131klar\u0131na ba\u015flayaca\u011f\u0131z&#8221; dedi.<\/p>\n<p>Band\u0131rmaspor cephesi<br \/>\n<br \/>Band\u0131rmaspor Teknik Direkt\u00f6r\u00fc Mustafa G\u00fcrsel ise zor bir d\u00f6nemden ge\u00e7tiklerini belirterek, &#8220;Tak\u0131m olarak eksikliklerimiz var. Bug\u00fcn de sa\u011f bekimizi orta sahada oynatmak zorunda kald\u0131k. Ona ra\u011fmen ma\u00e7\u0131 2-0 bulduktan sonra bir 5 dakika daha skoru \u00f6yle g\u00f6t\u00fcrebilseydik oyun farkl\u0131 olurdu. Oyuncular\u0131m\u0131z iyi m\u00fccadele g\u00f6sterdiler ama dedi\u011fim gibi \u00e7ok de\u011fi\u015fik \u015feyler ya\u015f\u0131yoruz son d\u00f6nemlerde. Hem ma\u00e7larda hem de sakatl\u0131k anlam\u0131nda bir sezon boyunca iki ma\u00e7 \u00fcst \u00fcste ayn\u0131 11 ile oynayamad\u0131k. \u015eu anda da 7 tane oynayan oyuncunun aram\u0131zda olmamas\u0131 tabii ki bizi oyun anlam\u0131nda da tak\u0131m anlam\u0131nda da birliktelik anlam\u0131nda da etkiliyor. Bu d\u00f6nemde birlik olarak beraberlik \u015feklinde en k\u0131sa s\u00fcrede atlayaca\u011f\u0131m\u0131z\u0131 d\u00fc\u015f\u00fcn\u00fcyorum. \u00c7\u00fcnk\u00fc biz iyi bir tak\u0131m\u0131z. Tam tak\u0131m oldu\u011fumuzda neler yapabilece\u011fimizi her zaman g\u00f6sterdik. Bug\u00fcn de iyi m\u00fccadele g\u00f6sterdik. Ama dedi\u011fim gibi buradan puanla d\u00f6nmek istiyorduk. En az\u0131ndan son haftalardaki \u00fczerimizdeki bu olumsuz havay\u0131 d\u00fczeltme anlam\u0131nda olmad\u0131. \u015eimdi pazar g\u00fcn\u00fc in\u015fallah kendi saham\u0131zda kazanarak yolumuza devam etmek istiyoruz. D\u0131\u015far\u0131da kalan sakat olan arkada\u015flar\u0131m\u0131z\u0131n da aram\u0131za gelmesiyle yine eski ritmimizi, oyun ritmimizi yakalay\u0131p yukar\u0131ya \u00e7\u0131kmak istiyoruz. \u00dcz\u00fcld\u00fck yani son dakikada gelen gol. 2-0 yakalad\u0131ktan sonra ma\u011flup olmak tabii ki \u00fczd\u00fc. Ama kafam\u0131z\u0131 kald\u0131rmam\u0131z laz\u0131m. Dedi\u011fim gibi bu zor periyot sadece skor ve anlam\u0131nda de\u011fil. Tamamen i\u00e7inde bulundu\u011fumuz t\u00fcm tak\u0131m anlam\u0131nda sakatl\u0131klar anlam\u0131nda zor bir d\u00f6nemden ge\u00e7iyoruz ama bunu atlatacak g\u00fcc\u00fcm\u00fcz var. \u0130n\u015fallah en k\u0131sa s\u00fcrede de atlataca\u011f\u0131z&#8221; diye konu\u015ftu.<br \/><\/p>\n","protected":false},"excerpt":{"rendered":"<p>Trendyol 1. Lig\u2019in 26. haftas\u0131nda oynanan Manisa FK-Band\u0131rmaspor ma\u00e7\u0131n\u0131n ard\u0131ndan iki tak\u0131m\u0131n teknik sorumlular\u0131 bas\u0131n toplant\u0131s\u0131nda a\u00e7\u0131klamalarda bulundu. Trendyol 1. Lig\u2019in 26. haftas\u0131nda Manisa FK, sahas\u0131nda konuk etti\u011fi Band\u0131rmaspor\u2019u 3-2 ma\u011flup etti. Ma\u00e7\u0131n ard\u0131ndan bas\u0131n toplant\u0131s\u0131nda konu\u015fan Manisa FK Antren\u00f6r\u00fc Ahmet Pekta\u015f, &#8220;Ge\u00e7en hafta \u015fanss\u0131z bir ma\u011flubiyet ald\u0131k. Bunu oyunculara aktar\u0131rken \u015f\u00f6yle aktarm\u0131\u015ft\u0131m: \u2018Biz b\u00fcy\u00fck&#8230;<\/p>\n","protected":false},"author":1,"featured_media":88893,"comment_status":"open","ping_status":"open","sticky":false,"template":"","format":"standard","meta":{"_crdt_document":"","footnotes":""},"categories":[4],"tags":[],"class_list":["post-88892","post","type-post","status-publish","format-standard","has-post-thumbnail","hentry","category-spor"],"_links":{"self":[{"href":"https:\/\/www.egemtv.com\/index.php?rest_route=\/wp\/v2\/posts\/88892","targetHints":{"allow":["GET"]}}],"collection":[{"href":"https:\/\/www.egemtv.com\/index.php?rest_route=\/wp\/v2\/posts"}],"about":[{"href":"https:\/\/www.egemtv.com\/index.php?rest_route=\/wp\/v2\/types\/post"}],"author":[{"embeddable":true,"href":"https:\/\/www.egemtv.com\/index.php?rest_route=\/wp\/v2\/users\/1"}],"replies":[{"embeddable":true,"href":"https:\/\/www.egemtv.com\/index.php?rest_route=%2Fwp%2Fv2%2Fcomments&post=88892"}],"version-history":[{"count":1,"href":"https:\/\/www.egemtv.com\/index.php?rest_route=\/wp\/v2\/posts\/88892\/revisions"}],"predecessor-version":[{"id":88894,"href":"https:\/\/www.egemtv.com\/index.php?rest_route=\/wp\/v2\/posts\/88892\/revisions\/88894"}],"wp:featuredmedia":[{"embeddable":true,"href":"https:\/\/www.egemtv.com\/index.php?rest_route=\/wp\/v2\/media\/88893"}],"wp:attachment":[{"href":"https:\/\/www.egemtv.com\/index.php?rest_route=%2Fwp%2Fv2%2Fmedia&parent=88892"}],"wp:term":[{"taxonomy":"category","embeddable":true,"href":"https:\/\/www.egemtv.com\/index.php?rest_route=%2Fwp%2Fv2%2Fcategories&post=88892"},{"taxonomy":"post_tag","embeddable":true,"href":"https:\/\/www.egemtv.com\/index.php?rest_route=%2Fwp%2Fv2%2Ftags&post=88892"}],"curies":[{"name":"wp","href":"https:\/\/api.w.org\/{rel}","templated":true}]}}