{"id":88871,"date":"2026-02-18T19:34:54","date_gmt":"2026-02-18T16:34:54","guid":{"rendered":"https:\/\/www.egemtv.com\/?p=88871"},"modified":"2026-02-18T19:34:55","modified_gmt":"2026-02-18T16:34:55","slug":"buldanda-toprak-kaymasi-nedeniyle-bir-mahalle-yolu-ulasima-kapandi","status":"publish","type":"post","link":"https:\/\/www.egemtv.com\/?p=88871","title":{"rendered":"Buldan\u2019da toprak kaymas\u0131 nedeniyle  bir mahalle yolu ula\u015f\u0131ma kapand\u0131"},"content":{"rendered":"<p>Denizli\u2019nin Buldan il\u00e7esine ba\u011fl\u0131 \u00c7atak Mahallesi yolunda meydana gelen toprak kaymas\u0131 nedeniyle yol ula\u015f\u0131ma kapand\u0131. Kaya par\u00e7alar\u0131n\u0131n yuvarlanmas\u0131n\u0131n ard\u0131ndan y\u0131\u011f\u0131n halinde gelen toprak yolu tamamen kapatt\u0131.<br \/>\n<br \/>Denizli\u2019nin Buldan il\u00e7esine ba\u011fl\u0131 \u00c7atak Mahallesi yolunda toprak kaymas\u0131 meydana geldi. S\u00fcleymanl\u0131 Mahallesi istikametinden sola ayr\u0131larak ula\u015f\u0131lan \u00c7atak Mahallesi yolunun ba\u015flang\u0131\u00e7 noktas\u0131nda, y\u00fcksek tepelerden \u00f6nce kaya par\u00e7alar\u0131 yuvarlanmaya ba\u015flad\u0131. Kaya d\u00fc\u015fmesinin hemen ard\u0131ndan harekete ge\u00e7en toprak k\u00fctlesi, y\u0131\u011f\u0131n halinde yolu kapatarak ula\u015f\u0131m\u0131 durdurdu. Olay s\u0131ras\u0131nda yoldan k\u0131sa s\u00fcre \u00f6nce ayr\u0131lan vatanda\u015flar b\u00fcy\u00fck bir \u015fans eseri tehlikeyi ucuz atlatt\u0131. Ya\u015fanan anlar ise \u00e7evrede bulunan vatanda\u015flar taraf\u0131ndan cep telefonu kameralar\u0131yla kaydedildi.<br \/>\n<br \/>Meydana gelen olayda herhangi bir can veya mal kayb\u0131 ya\u015fanmazken, yolun yeniden ula\u015f\u0131ma a\u00e7\u0131lmas\u0131 i\u00e7in ekipler i\u015f makineleriyle \u00e7al\u0131\u015fma ba\u015flatt\u0131. B\u00f6lgede g\u00fcvenlik \u00f6nlemleri art\u0131r\u0131l\u0131rken, s\u00fcr\u00fcc\u00fclere alternatif g\u00fczerg\u00e2hlar\u0131 kullanmalar\u0131 y\u00f6n\u00fcnde uyar\u0131larda bulunuldu.<br \/><\/p>\n","protected":false},"excerpt":{"rendered":"<p>Denizli\u2019nin Buldan il\u00e7esine ba\u011fl\u0131 \u00c7atak Mahallesi yolunda meydana gelen toprak kaymas\u0131 nedeniyle yol ula\u015f\u0131ma kapand\u0131. Kaya par\u00e7alar\u0131n\u0131n yuvarlanmas\u0131n\u0131n ard\u0131ndan y\u0131\u011f\u0131n halinde gelen toprak yolu tamamen kapatt\u0131. Denizli\u2019nin Buldan il\u00e7esine ba\u011fl\u0131 \u00c7atak Mahallesi yolunda toprak kaymas\u0131 meydana geldi. S\u00fcleymanl\u0131 Mahallesi istikametinden sola ayr\u0131larak ula\u015f\u0131lan \u00c7atak Mahallesi yolunun ba\u015flang\u0131\u00e7 noktas\u0131nda, y\u00fcksek tepelerden \u00f6nce kaya par\u00e7alar\u0131 yuvarlanmaya ba\u015flad\u0131&#8230;.<\/p>\n","protected":false},"author":1,"featured_media":88872,"comment_status":"open","ping_status":"open","sticky":false,"template":"","format":"standard","meta":{"_crdt_document":"","footnotes":""},"categories":[1],"tags":[],"class_list":["post-88871","post","type-post","status-publish","format-standard","has-post-thumbnail","hentry","category-guncel"],"_links":{"self":[{"href":"https:\/\/www.egemtv.com\/index.php?rest_route=\/wp\/v2\/posts\/88871","targetHints":{"allow":["GET"]}}],"collection":[{"href":"https:\/\/www.egemtv.com\/index.php?rest_route=\/wp\/v2\/posts"}],"about":[{"href":"https:\/\/www.egemtv.com\/index.php?rest_route=\/wp\/v2\/types\/post"}],"author":[{"embeddable":true,"href":"https:\/\/www.egemtv.com\/index.php?rest_route=\/wp\/v2\/users\/1"}],"replies":[{"embeddable":true,"href":"https:\/\/www.egemtv.com\/index.php?rest_route=%2Fwp%2Fv2%2Fcomments&post=88871"}],"version-history":[{"count":1,"href":"https:\/\/www.egemtv.com\/index.php?rest_route=\/wp\/v2\/posts\/88871\/revisions"}],"predecessor-version":[{"id":88873,"href":"https:\/\/www.egemtv.com\/index.php?rest_route=\/wp\/v2\/posts\/88871\/revisions\/88873"}],"wp:featuredmedia":[{"embeddable":true,"href":"https:\/\/www.egemtv.com\/index.php?rest_route=\/wp\/v2\/media\/88872"}],"wp:attachment":[{"href":"https:\/\/www.egemtv.com\/index.php?rest_route=%2Fwp%2Fv2%2Fmedia&parent=88871"}],"wp:term":[{"taxonomy":"category","embeddable":true,"href":"https:\/\/www.egemtv.com\/index.php?rest_route=%2Fwp%2Fv2%2Fcategories&post=88871"},{"taxonomy":"post_tag","embeddable":true,"href":"https:\/\/www.egemtv.com\/index.php?rest_route=%2Fwp%2Fv2%2Ftags&post=88871"}],"curies":[{"name":"wp","href":"https:\/\/api.w.org\/{rel}","templated":true}]}}