{"id":88865,"date":"2026-02-18T19:34:51","date_gmt":"2026-02-18T16:34:51","guid":{"rendered":"https:\/\/www.egemtv.com\/?p=88865"},"modified":"2026-02-18T19:34:52","modified_gmt":"2026-02-18T16:34:52","slug":"baskan-arslan-rahmet-bereket-ve-paylasma-ayi-olan-ramazan-i-serifi-mubarek-olsun","status":"publish","type":"post","link":"https:\/\/www.egemtv.com\/?p=88865","title":{"rendered":"Ba\u015fkan Arslan; &#8220;Rahmet, bereket ve payla\u015fma ay\u0131 olan Ramazan-\u0131 \u015eerif\u2019i m\u00fcbarek olsun&#8221;"},"content":{"rendered":"<p>\u00c7ameli Belediye Ba\u015fkan\u0131 Cengiz Arslan, Ramazan ay\u0131 dolay\u0131s\u0131yla yay\u0131mlad\u0131\u011f\u0131 mesajda birlik, beraberlik ve dayan\u0131\u015fma vurgusu yapt\u0131.<br \/>\n<br \/>\u00c7ameli Belediye Ba\u015fkan\u0131 Cengiz Arslan yay\u0131mlad\u0131\u011f\u0131 Ramazan ay\u0131 mesaj\u0131nda, &#8220;Rahmet, bereket ve payla\u015fma ay\u0131 olan m\u00fcbarek Ramazan-\u0131 \u015eerif\u2019e bir kez daha kavu\u015fman\u0131n huzur ve mutlulu\u011funu ya\u015f\u0131yoruz. Ramazan; g\u00f6n\u00fcllerimizin yumu\u015fad\u0131\u011f\u0131, sofralar\u0131m\u0131z\u0131n ve dualar\u0131m\u0131z\u0131n birle\u015fti\u011fi, birlik ve beraberli\u011fimizin daha da g\u00fc\u00e7lendi\u011fi m\u00fcstesna bir zaman dilimidir.<br \/>\n<br \/>Bu ayda yard\u0131mla\u015fman\u0131n, dayan\u0131\u015fman\u0131n ve karde\u015fli\u011fin en g\u00fczel \u00f6rneklerini hep birlikte ya\u015famaya devam edece\u011fiz. Belediyemiz olarak ihtiya\u00e7 sahibi vatanda\u015flar\u0131m\u0131z\u0131n yan\u0131nda olmay\u0131 s\u00fcrd\u00fcrecek, hi\u00e7bir hem\u015fehrimizin kendini yaln\u0131z hissetmemesi i\u00e7in gayret edece\u011fiz.<br \/>\n<br \/>Temennim; tuttu\u011fumuz oru\u00e7lar\u0131n, yapt\u0131\u011f\u0131m\u0131z ibadetlerin ve etti\u011fimiz dualar\u0131n kabul olmas\u0131d\u0131r. Ramazan\u2019\u0131n il\u00e7emize, \u00fclkemize ve t\u00fcm \u0130slam \u00e2lemine sa\u011fl\u0131k, huzur ve bereket getirmesini diliyorum.<br \/>\n<br \/>Hep birlikte sa\u011fl\u0131kla, muhabbetle ve payla\u015fman\u0131n g\u00fczelli\u011fiyle dolu bir Ramazan ge\u00e7irmenizi temenni ediyorum&#8221; ifadelerini kulland\u0131.<br \/><\/p>\n","protected":false},"excerpt":{"rendered":"<p>\u00c7ameli Belediye Ba\u015fkan\u0131 Cengiz Arslan, Ramazan ay\u0131 dolay\u0131s\u0131yla yay\u0131mlad\u0131\u011f\u0131 mesajda birlik, beraberlik ve dayan\u0131\u015fma vurgusu yapt\u0131. \u00c7ameli Belediye Ba\u015fkan\u0131 Cengiz Arslan yay\u0131mlad\u0131\u011f\u0131 Ramazan ay\u0131 mesaj\u0131nda, &#8220;Rahmet, bereket ve payla\u015fma ay\u0131 olan m\u00fcbarek Ramazan-\u0131 \u015eerif\u2019e bir kez daha kavu\u015fman\u0131n huzur ve mutlulu\u011funu ya\u015f\u0131yoruz. Ramazan; g\u00f6n\u00fcllerimizin yumu\u015fad\u0131\u011f\u0131, sofralar\u0131m\u0131z\u0131n ve dualar\u0131m\u0131z\u0131n birle\u015fti\u011fi, birlik ve beraberli\u011fimizin daha da g\u00fc\u00e7lendi\u011fi&#8230;<\/p>\n","protected":false},"author":1,"featured_media":88866,"comment_status":"open","ping_status":"open","sticky":false,"template":"","format":"standard","meta":{"_crdt_document":"","footnotes":""},"categories":[1],"tags":[],"class_list":["post-88865","post","type-post","status-publish","format-standard","has-post-thumbnail","hentry","category-guncel"],"_links":{"self":[{"href":"https:\/\/www.egemtv.com\/index.php?rest_route=\/wp\/v2\/posts\/88865","targetHints":{"allow":["GET"]}}],"collection":[{"href":"https:\/\/www.egemtv.com\/index.php?rest_route=\/wp\/v2\/posts"}],"about":[{"href":"https:\/\/www.egemtv.com\/index.php?rest_route=\/wp\/v2\/types\/post"}],"author":[{"embeddable":true,"href":"https:\/\/www.egemtv.com\/index.php?rest_route=\/wp\/v2\/users\/1"}],"replies":[{"embeddable":true,"href":"https:\/\/www.egemtv.com\/index.php?rest_route=%2Fwp%2Fv2%2Fcomments&post=88865"}],"version-history":[{"count":1,"href":"https:\/\/www.egemtv.com\/index.php?rest_route=\/wp\/v2\/posts\/88865\/revisions"}],"predecessor-version":[{"id":88867,"href":"https:\/\/www.egemtv.com\/index.php?rest_route=\/wp\/v2\/posts\/88865\/revisions\/88867"}],"wp:featuredmedia":[{"embeddable":true,"href":"https:\/\/www.egemtv.com\/index.php?rest_route=\/wp\/v2\/media\/88866"}],"wp:attachment":[{"href":"https:\/\/www.egemtv.com\/index.php?rest_route=%2Fwp%2Fv2%2Fmedia&parent=88865"}],"wp:term":[{"taxonomy":"category","embeddable":true,"href":"https:\/\/www.egemtv.com\/index.php?rest_route=%2Fwp%2Fv2%2Fcategories&post=88865"},{"taxonomy":"post_tag","embeddable":true,"href":"https:\/\/www.egemtv.com\/index.php?rest_route=%2Fwp%2Fv2%2Ftags&post=88865"}],"curies":[{"name":"wp","href":"https:\/\/api.w.org\/{rel}","templated":true}]}}