{"id":88862,"date":"2026-02-18T19:14:32","date_gmt":"2026-02-18T16:14:32","guid":{"rendered":"https:\/\/www.egemtv.com\/?p=88862"},"modified":"2026-02-18T19:14:33","modified_gmt":"2026-02-18T16:14:33","slug":"kutahya-belediye-baskani-eyup-kahveci-kutahya-galatasaraylilar-dernegi-yonetimini-agirladi","status":"publish","type":"post","link":"https:\/\/www.egemtv.com\/?p=88862","title":{"rendered":"K\u00fctahya Belediye Ba\u015fkan\u0131 Ey\u00fcp Kahveci, K\u00fctahya Galatasarayl\u0131lar Derne\u011fi y\u00f6netimini a\u011f\u0131rlad\u0131"},"content":{"rendered":"<p>K\u00fctahya Belediyesi, \u015fehirde spor k\u00fclt\u00fcr\u00fcn\u00fcn yayg\u0131nla\u015ft\u0131r\u0131lmas\u0131na y\u00f6nelik \u00e7al\u0131\u015fmalar kapsam\u0131nda K\u00fctahya Galatasarayl\u0131lar Derne\u011fi Ba\u015fkan\u0131 U\u011fur K\u0131rdar ve dernek y\u00f6netimini misafir etti.<br \/>\n<br \/>Ger\u00e7ekle\u015ftirilen ziyarette; K\u00fctahya\u2019da spor k\u00fclt\u00fcr\u00fcn\u00fcn daha geni\u015f kitlelere yay\u0131lmas\u0131, sosyal ve sportif projelerin hayata ge\u00e7irilmesi, sivil toplum kurulu\u015flar\u0131yla i\u015f birli\u011finin g\u00fc\u00e7lendirilmesi ve ortak organizasyon imkanlar\u0131 \u00fczerine isti\u015farelerde bulunuldu.<br \/>\n<br \/>Ziyaretten duydu\u011fu memnuniyeti dile getiren Belediye Ba\u015fkan\u0131 Ey\u00fcp Kahveci, nazik ziyaretleri ve de\u011ferli payla\u015f\u0131mlar\u0131 dolay\u0131s\u0131yla dernek y\u00f6netimine te\u015fekk\u00fcr etti.<br \/>\n<br \/>Ba\u015fkan U\u011fur K\u0131rdar, Kahveci\u2019ye ziyaret an\u0131s\u0131 olarak hediye takdim etti.<br \/><\/p>\n","protected":false},"excerpt":{"rendered":"<p>K\u00fctahya Belediyesi, \u015fehirde spor k\u00fclt\u00fcr\u00fcn\u00fcn yayg\u0131nla\u015ft\u0131r\u0131lmas\u0131na y\u00f6nelik \u00e7al\u0131\u015fmalar kapsam\u0131nda K\u00fctahya Galatasarayl\u0131lar Derne\u011fi Ba\u015fkan\u0131 U\u011fur K\u0131rdar ve dernek y\u00f6netimini misafir etti. Ger\u00e7ekle\u015ftirilen ziyarette; K\u00fctahya\u2019da spor k\u00fclt\u00fcr\u00fcn\u00fcn daha geni\u015f kitlelere yay\u0131lmas\u0131, sosyal ve sportif projelerin hayata ge\u00e7irilmesi, sivil toplum kurulu\u015flar\u0131yla i\u015f birli\u011finin g\u00fc\u00e7lendirilmesi ve ortak organizasyon imkanlar\u0131 \u00fczerine isti\u015farelerde bulunuldu. Ziyaretten duydu\u011fu memnuniyeti dile getiren Belediye Ba\u015fkan\u0131&#8230;<\/p>\n","protected":false},"author":1,"featured_media":88863,"comment_status":"open","ping_status":"open","sticky":false,"template":"","format":"standard","meta":{"_crdt_document":"","footnotes":""},"categories":[4],"tags":[],"class_list":["post-88862","post","type-post","status-publish","format-standard","has-post-thumbnail","hentry","category-spor"],"_links":{"self":[{"href":"https:\/\/www.egemtv.com\/index.php?rest_route=\/wp\/v2\/posts\/88862","targetHints":{"allow":["GET"]}}],"collection":[{"href":"https:\/\/www.egemtv.com\/index.php?rest_route=\/wp\/v2\/posts"}],"about":[{"href":"https:\/\/www.egemtv.com\/index.php?rest_route=\/wp\/v2\/types\/post"}],"author":[{"embeddable":true,"href":"https:\/\/www.egemtv.com\/index.php?rest_route=\/wp\/v2\/users\/1"}],"replies":[{"embeddable":true,"href":"https:\/\/www.egemtv.com\/index.php?rest_route=%2Fwp%2Fv2%2Fcomments&post=88862"}],"version-history":[{"count":1,"href":"https:\/\/www.egemtv.com\/index.php?rest_route=\/wp\/v2\/posts\/88862\/revisions"}],"predecessor-version":[{"id":88864,"href":"https:\/\/www.egemtv.com\/index.php?rest_route=\/wp\/v2\/posts\/88862\/revisions\/88864"}],"wp:featuredmedia":[{"embeddable":true,"href":"https:\/\/www.egemtv.com\/index.php?rest_route=\/wp\/v2\/media\/88863"}],"wp:attachment":[{"href":"https:\/\/www.egemtv.com\/index.php?rest_route=%2Fwp%2Fv2%2Fmedia&parent=88862"}],"wp:term":[{"taxonomy":"category","embeddable":true,"href":"https:\/\/www.egemtv.com\/index.php?rest_route=%2Fwp%2Fv2%2Fcategories&post=88862"},{"taxonomy":"post_tag","embeddable":true,"href":"https:\/\/www.egemtv.com\/index.php?rest_route=%2Fwp%2Fv2%2Ftags&post=88862"}],"curies":[{"name":"wp","href":"https:\/\/api.w.org\/{rel}","templated":true}]}}