{"id":88856,"date":"2026-02-18T17:35:14","date_gmt":"2026-02-18T14:35:14","guid":{"rendered":"https:\/\/www.egemtv.com\/?p=88856"},"modified":"2026-02-18T17:35:15","modified_gmt":"2026-02-18T14:35:15","slug":"ispartalilari-45-mahallede-70-davulcu-sahura-kaldiracak","status":"publish","type":"post","link":"https:\/\/www.egemtv.com\/?p=88856","title":{"rendered":"Ispartal\u0131lar\u0131 45 mahallede 70 davulcu sahura kald\u0131racak"},"content":{"rendered":"<p>Isparta\u2019da bu Ramazan ay\u0131nda 45 mahallede yakla\u015f\u0131k 70 davulcu g\u00f6rev yapacak. Isparta Belediyesince mahallelerde g\u00f6rev alacak davulculara yaka kartlar\u0131 da\u011f\u0131t\u0131ld\u0131.<br \/>\n<br \/>Ramazan ay\u0131n\u0131n vazge\u00e7ilmezi Ramazan davulcular\u0131 i\u00e7in Isparta Belediyesi Zab\u0131ta M\u00fcd\u00fcrl\u00fc\u011f\u00fc\u2019nde d\u00fczenlenen se\u00e7melere onlarca davulcu kat\u0131ld\u0131. Se\u00e7melerde davulcular ritim ve mani testinden ge\u00e7irildi. 45 mahalle i\u00e7in belirlenen yakla\u015f\u0131k 70 davulcuya Isparta Belediyesi taraf\u0131ndan yaka kartlar\u0131 da\u011f\u0131t\u0131ld\u0131. Yaka kart\u0131 olmayan davulcular\u0131n Ramazan ay\u0131nda g\u00f6rev almalar\u0131na ve bah\u015fi\u015f toplamalar\u0131na izin verilmeyecek. \u00d6nceki y\u0131llarda oldu\u011fu gibi bu Ramazan ay\u0131nda da davulcular s\u00f6yleyecekleri manilerle vatanda\u015flar\u0131 sahura kald\u0131racak.<\/p>\n<p>&#8220;Bu gelenek ve g\u00f6reneklerimizi ya\u015fatmak istiyoruz&#8221;<br \/>\n<br \/>Ramazan Davulcular\u0131 Sorumlu Ba\u015fkan\u0131 Ne\u015fat Kaya, Ramazan ay\u0131nda Isparta genelinde davulcular\u0131n halk\u0131 sahura kald\u0131rmak i\u00e7in g\u00f6rev yapaca\u011f\u0131n\u0131 belirterek, bu gelene\u011fin ya\u015fat\u0131lmas\u0131n\u0131n \u00f6nemine dikkat \u00e7ekti. Kaya, desteklerinden dolay\u0131 Isparta Belediye Ba\u015fkan\u0131 \u015e\u00fckr\u00fc Ba\u015fde\u011firmen\u2019e te\u015fekk\u00fcr ederek, &#8220;Halk\u0131m\u0131z\u0131 sahura kald\u0131rmak i\u00e7in Isparta\u2019daki davulcu arkada\u015flar\u0131m\u0131z hizmet edecekler. Bu gelenek ve g\u00f6reneklerimizi ya\u015fatmak istiyoruz. Herkes uyanabiliyor ama bunun bir ayr\u0131cal\u0131\u011f\u0131 vard\u0131r Ramazan\u2019da. Ger\u00e7ekten bunlar\u0131 istiyoruz. Belediye Ba\u015fkan\u0131m\u0131z \u015e\u00fckr\u00fc Ba\u015fde\u011firmen ba\u015fkan\u0131m\u0131za desteklerinden dolay\u0131 te\u015fekk\u00fcr ederiz&#8221; dedi.<\/p>\n<p>&#8220;Korsan davulculara itibar etmeyin&#8221;<br \/>\n<br \/>Ramazan Davulcusu Se\u00e7me Komisyonu \u00dcyesi Abdullah Ba\u015fyi\u011fit, Ramazan ay\u0131nda 45 mahallede g\u00f6rev yapacak davulcular\u0131n belirlendi\u011fini a\u00e7\u0131klad\u0131. Yap\u0131lan m\u00fclakatlar\u0131n ard\u0131ndan davulculara yaka kartlar\u0131n\u0131n teslim edildi\u011fini belirten Ba\u015fyi\u011fit, &#8220;Ba\u015fkan\u0131m\u0131z \u015e\u00fckr\u00fc Ba\u015fde\u011firmen\u2019in talimatlar\u0131 do\u011frultusunda yine her y\u0131l oldu\u011fu gibi 2026 y\u0131l\u0131nda da 45 mahallede davul \u00e7alacak yakla\u015f\u0131k 20\u2019ye yak\u0131n davulcumuzun bug\u00fcn Zab\u0131ta M\u00fcd\u00fcrl\u00fc\u011f\u00fcnde ses, ritim ve ahenk m\u00fclakatlar\u0131n\u0131 yapt\u0131k. Yaka kartlar\u0131n\u0131 teslim ettik kendilerine. Vatanda\u015flar\u0131m\u0131z\u0131n ge\u00e7mi\u015f y\u0131llarda da ya\u015fad\u0131\u011f\u0131m\u0131z korsan davulculara itibar etmemelerini, huzur i\u00e7inde Ramazan\u2019\u0131 idrak etmelerini diliyoruz&#8221; dedi.<\/p>\n<p>&#8220;Sizi uyand\u0131rmaya haz\u0131r\u0131z&#8221;<br \/>\n<br \/>Ramazan ay\u0131n\u0131n gelene\u011fini uzun y\u0131llar s\u00fcrd\u00fcrd\u00fcklerini belirten davulcular, &#8220;Uzun y\u0131llard\u0131r Ramazan davulculu\u011fu yap\u0131yoruz. \u0130lk g\u00fcnk\u00fc gibi \u00f6nce Allah\u2019\u0131n izniyle, sonra hevesle ve co\u015fkuyla Ramazan ay\u0131m\u0131z\u0131n gelmesini bekliyoruz. Atadan gelen bir gelene\u011fimiz var. Bu sene de kald\u0131\u011f\u0131m\u0131z yerden devam edece\u011fiz. Biz elimizden geldi\u011fi kadar\u0131yla Ramazan ay\u0131nda davul \u00e7almaya, geceleri sahurda vatanda\u015flar\u0131 uyand\u0131rmaya haz\u0131r\u0131z. Sizden ricam\u0131z l\u00fctfen bizi anlay\u0131\u015fla beklemenizi rica ediyoruz. Elimizden geldi\u011fi kadar\u0131yla sizi uyand\u0131rmaya haz\u0131r\u0131z&#8221; ifadelerini kulland\u0131.<br \/><\/p>\n","protected":false},"excerpt":{"rendered":"<p>Isparta\u2019da bu Ramazan ay\u0131nda 45 mahallede yakla\u015f\u0131k 70 davulcu g\u00f6rev yapacak. Isparta Belediyesince mahallelerde g\u00f6rev alacak davulculara yaka kartlar\u0131 da\u011f\u0131t\u0131ld\u0131. Ramazan ay\u0131n\u0131n vazge\u00e7ilmezi Ramazan davulcular\u0131 i\u00e7in Isparta Belediyesi Zab\u0131ta M\u00fcd\u00fcrl\u00fc\u011f\u00fc\u2019nde d\u00fczenlenen se\u00e7melere onlarca davulcu kat\u0131ld\u0131. Se\u00e7melerde davulcular ritim ve mani testinden ge\u00e7irildi. 45 mahalle i\u00e7in belirlenen yakla\u015f\u0131k 70 davulcuya Isparta Belediyesi taraf\u0131ndan yaka kartlar\u0131 da\u011f\u0131t\u0131ld\u0131&#8230;.<\/p>\n","protected":false},"author":1,"featured_media":88857,"comment_status":"open","ping_status":"open","sticky":false,"template":"","format":"standard","meta":{"_crdt_document":"","footnotes":""},"categories":[1],"tags":[],"class_list":["post-88856","post","type-post","status-publish","format-standard","has-post-thumbnail","hentry","category-guncel"],"_links":{"self":[{"href":"https:\/\/www.egemtv.com\/index.php?rest_route=\/wp\/v2\/posts\/88856","targetHints":{"allow":["GET"]}}],"collection":[{"href":"https:\/\/www.egemtv.com\/index.php?rest_route=\/wp\/v2\/posts"}],"about":[{"href":"https:\/\/www.egemtv.com\/index.php?rest_route=\/wp\/v2\/types\/post"}],"author":[{"embeddable":true,"href":"https:\/\/www.egemtv.com\/index.php?rest_route=\/wp\/v2\/users\/1"}],"replies":[{"embeddable":true,"href":"https:\/\/www.egemtv.com\/index.php?rest_route=%2Fwp%2Fv2%2Fcomments&post=88856"}],"version-history":[{"count":1,"href":"https:\/\/www.egemtv.com\/index.php?rest_route=\/wp\/v2\/posts\/88856\/revisions"}],"predecessor-version":[{"id":88858,"href":"https:\/\/www.egemtv.com\/index.php?rest_route=\/wp\/v2\/posts\/88856\/revisions\/88858"}],"wp:featuredmedia":[{"embeddable":true,"href":"https:\/\/www.egemtv.com\/index.php?rest_route=\/wp\/v2\/media\/88857"}],"wp:attachment":[{"href":"https:\/\/www.egemtv.com\/index.php?rest_route=%2Fwp%2Fv2%2Fmedia&parent=88856"}],"wp:term":[{"taxonomy":"category","embeddable":true,"href":"https:\/\/www.egemtv.com\/index.php?rest_route=%2Fwp%2Fv2%2Fcategories&post=88856"},{"taxonomy":"post_tag","embeddable":true,"href":"https:\/\/www.egemtv.com\/index.php?rest_route=%2Fwp%2Fv2%2Ftags&post=88856"}],"curies":[{"name":"wp","href":"https:\/\/api.w.org\/{rel}","templated":true}]}}