{"id":88853,"date":"2026-02-18T17:35:13","date_gmt":"2026-02-18T14:35:13","guid":{"rendered":"https:\/\/www.egemtv.com\/?p=88853"},"modified":"2026-02-18T17:35:14","modified_gmt":"2026-02-18T14:35:14","slug":"aydin-buyuksehir-belediyesi-vatandaslari-iftar-sofralarinda-bulusturacak","status":"publish","type":"post","link":"https:\/\/www.egemtv.com\/?p=88853","title":{"rendered":"Ayd\u0131n B\u00fcy\u00fck\u015fehir Belediyesi vatanda\u015flar\u0131 iftar sofralar\u0131nda bulu\u015fturacak"},"content":{"rendered":"<p>Ayd\u0131n B\u00fcy\u00fck\u015fehir Belediyesi, Ayd\u0131nl\u0131lar\u0131 Ramazan etkinlikleri ile bir araya getirecek. Programlarda geleneksel Ramazan g\u00f6sterileri ve \u00e7ocuklara y\u00f6nelik etkinlikler yer alacak, iftar sofralar\u0131 kurulacak.<br \/>\n<br \/>Etkinliklerde meddah anlat\u0131lar\u0131, Hacivat-Karag\u00f6z g\u00f6sterileri, A\u015fuk ile Ma\u015fuk g\u00f6sterisi, jongl\u00f6r, ill\u00fczyonist ve \u00e7e\u015fitli sahne g\u00f6sterileri ger\u00e7ekle\u015ftirilecek; ayn\u0131 zamanda \u00e7ocuk tiyatrolar\u0131 sahnelenecek, \u015fi\u015fme oyun alanlar\u0131 olu\u015fturulacak. Etkinlik alan\u0131nda vatanda\u015flara Ramazan \u015ferbeti ve Osmanl\u0131 macunu da ikram edilecek.<br \/>\n<br \/>Etkinlikler 19-22 \u015eubat ile 5-15 Mart tarihleri aras\u0131nda hafta i\u00e7i 18.00 ile 22.00, hafta sonu ise 14.00 ile 22.00 saatleri aras\u0131nda Ayd\u0131n Tekstil Park i\u00e7erisinde bulunan Fuar Ayd\u0131n\u2019da ger\u00e7ekle\u015ftirilecek.<br \/>\n<br \/>Etkinlikler Ayd\u0131n\u2019\u0131n il\u00e7elerinde de vatanda\u015flarla bulu\u015facak. Sultanhisar il\u00e7esinde 23 \u015eubat Pazartesi ve 3 Mart Sal\u0131 g\u00fcnleri Belediye Meydan\u0131, S\u00f6ke il\u00e7esinde 24 \u015eubat Sal\u0131 ve 28 \u015eubat Cumartesi g\u00fcnleri Yenicami Mahallesi kapal\u0131 pazar yeri, \u0130ncirliova il\u00e7esinde 25 \u015eubat \u00c7ar\u015famba ve 4 Mart \u00c7ar\u015famba g\u00fcnleri \u0130ncirliova Belediyesi \u00f6n\u00fc, Buharkent il\u00e7esinde 26 \u015eubat Per\u015fembe g\u00fcn\u00fc Kamil Pa\u015fa Mahallesi kapal\u0131 pazar yeri, Yenipazar il\u00e7esinde 27 \u015eubat Cuma g\u00fcn\u00fc Yenipazar Belediyesi meydan\u0131, K\u00f6\u015fk il\u00e7esinde 2 Mart Pazartesi g\u00fcn\u00fc \u00c7ar\u015f\u0131 Mahallesi Eski Nazilli Caddesi etkinliklerin adresi olacak.<br \/>\n<br \/>\u0130l\u00e7elerde etkinlikler 18.00 saatinde ba\u015flayacak, 20.15 saatinde sona erecek.<br \/>\n<br \/>B\u00fcy\u00fck\u015fehir Belediyesi, her y\u0131l oldu\u011fu gibi bu y\u0131l da Ramazan ay\u0131 boyunca kentin farkl\u0131 mahallelerinde iftar programlar\u0131 d\u00fczenleyecek. Her g\u00fcn bir\u00e7ok farkl\u0131 noktada d\u00fczenlenecek programlar ile on binlerce Ayd\u0131nl\u0131 iftar sofralar\u0131nda bulu\u015facak.<br \/>\n<br \/>Ba\u015fkan \u00c7er\u00e7io\u011flu, Ramazan ay\u0131 s\u00fcresince d\u00fczenlenecek etkinlik ve iftar programlar\u0131na t\u00fcm Ayd\u0131nl\u0131lar\u0131 davet etti. Ba\u015fkan \u00c7er\u00e7io\u011flu, &#8220;T\u00fcm vatanda\u015flar\u0131m\u0131z\u0131 Ramazan\u2019\u0131n bereketini payla\u015fmaya, etkinliklerimizde ve iftar sofralar\u0131m\u0131zda bir araya gelmeye davet ediyorum. Ramazan ay\u0131n\u0131n Ayd\u0131n\u0131m\u0131za ve \u00fclkemize hay\u0131rlar getirmesini diliyorum&#8221; ifadelerini kulland\u0131.<br \/><\/p>\n","protected":false},"excerpt":{"rendered":"<p>Ayd\u0131n B\u00fcy\u00fck\u015fehir Belediyesi, Ayd\u0131nl\u0131lar\u0131 Ramazan etkinlikleri ile bir araya getirecek. Programlarda geleneksel Ramazan g\u00f6sterileri ve \u00e7ocuklara y\u00f6nelik etkinlikler yer alacak, iftar sofralar\u0131 kurulacak. Etkinliklerde meddah anlat\u0131lar\u0131, Hacivat-Karag\u00f6z g\u00f6sterileri, A\u015fuk ile Ma\u015fuk g\u00f6sterisi, jongl\u00f6r, ill\u00fczyonist ve \u00e7e\u015fitli sahne g\u00f6sterileri ger\u00e7ekle\u015ftirilecek; ayn\u0131 zamanda \u00e7ocuk tiyatrolar\u0131 sahnelenecek, \u015fi\u015fme oyun alanlar\u0131 olu\u015fturulacak. Etkinlik alan\u0131nda vatanda\u015flara Ramazan \u015ferbeti ve Osmanl\u0131&#8230;<\/p>\n","protected":false},"author":1,"featured_media":88854,"comment_status":"open","ping_status":"open","sticky":false,"template":"","format":"standard","meta":{"_crdt_document":"","footnotes":""},"categories":[1],"tags":[],"class_list":["post-88853","post","type-post","status-publish","format-standard","has-post-thumbnail","hentry","category-guncel"],"_links":{"self":[{"href":"https:\/\/www.egemtv.com\/index.php?rest_route=\/wp\/v2\/posts\/88853","targetHints":{"allow":["GET"]}}],"collection":[{"href":"https:\/\/www.egemtv.com\/index.php?rest_route=\/wp\/v2\/posts"}],"about":[{"href":"https:\/\/www.egemtv.com\/index.php?rest_route=\/wp\/v2\/types\/post"}],"author":[{"embeddable":true,"href":"https:\/\/www.egemtv.com\/index.php?rest_route=\/wp\/v2\/users\/1"}],"replies":[{"embeddable":true,"href":"https:\/\/www.egemtv.com\/index.php?rest_route=%2Fwp%2Fv2%2Fcomments&post=88853"}],"version-history":[{"count":1,"href":"https:\/\/www.egemtv.com\/index.php?rest_route=\/wp\/v2\/posts\/88853\/revisions"}],"predecessor-version":[{"id":88855,"href":"https:\/\/www.egemtv.com\/index.php?rest_route=\/wp\/v2\/posts\/88853\/revisions\/88855"}],"wp:featuredmedia":[{"embeddable":true,"href":"https:\/\/www.egemtv.com\/index.php?rest_route=\/wp\/v2\/media\/88854"}],"wp:attachment":[{"href":"https:\/\/www.egemtv.com\/index.php?rest_route=%2Fwp%2Fv2%2Fmedia&parent=88853"}],"wp:term":[{"taxonomy":"category","embeddable":true,"href":"https:\/\/www.egemtv.com\/index.php?rest_route=%2Fwp%2Fv2%2Fcategories&post=88853"},{"taxonomy":"post_tag","embeddable":true,"href":"https:\/\/www.egemtv.com\/index.php?rest_route=%2Fwp%2Fv2%2Ftags&post=88853"}],"curies":[{"name":"wp","href":"https:\/\/api.w.org\/{rel}","templated":true}]}}