{"id":88850,"date":"2026-02-18T17:35:12","date_gmt":"2026-02-18T14:35:12","guid":{"rendered":"https:\/\/www.egemtv.com\/?p=88850"},"modified":"2026-02-18T17:35:13","modified_gmt":"2026-02-18T14:35:13","slug":"galatasarayin-avrupa-zaferini-birlikte-izlediler","status":"publish","type":"post","link":"https:\/\/www.egemtv.com\/?p=88850","title":{"rendered":"Galatasaray\u2019\u0131n Avrupa zaferini birlikte izlediler"},"content":{"rendered":"<p>Isparta Belediyesi, Galatasaray\u2019\u0131n, Juventus ile oynad\u0131\u011f\u0131 UEFA \u015eampiyonlar Ligi son 16 play-off turu ilk ma\u00e7\u0131 i\u00e7in Atat\u00fcrk Park\u0131 teras kat\u0131na dev ekran kurdu. Belediye Ba\u015fkan\u0131 \u015e\u00fckr\u00fc Ba\u015fde\u011firmen ve e\u015fi \u015eadiye Ba\u015fde\u011firmen, ma\u00e7\u0131 vatanda\u015flarla birlikte takip etti.<br \/>\n<br \/>Galatasaray, UEFA \u015eampiyonlar Ligi son 16 play-off turu ilk ma\u00e7\u0131nda \u0130talya ekiplerinden Juventus ile kar\u015f\u0131la\u015ft\u0131. Isparta Belediyesi, birlik ve beraberlik duygular\u0131n\u0131 peki\u015ftirmek amac\u0131yla Atat\u00fcrk Park\u0131 teras kat\u0131na dev ekran kurdu. Belediye Ba\u015fkan\u0131 \u015e\u00fckr\u00fc Ba\u015fde\u011firmen ve e\u015fi \u015eadiye Ba\u015fde\u011firmen, Galatasaray\u2019\u0131n Avrupa ma\u00e7\u0131n\u0131 vatanda\u015flarla birlikte izledi. Galatasaray, ilk yar\u0131s\u0131n\u0131 2-1 geride tamamlad\u0131\u011f\u0131 ma\u00e7\u0131 5-2\u2019lik galibiyetle tamamlayarak, bir \u00fcst tur i\u00e7in \u00f6nemli bir avantaj elde etti. Ba\u015fde\u011firmen \u00e7ifti, sar\u0131-k\u0131rm\u0131z\u0131l\u0131 ekibin gollerinde vatanda\u015flarla birlikte b\u00fcy\u00fck sevin\u00e7 ya\u015fad\u0131.<br \/><\/p>\n","protected":false},"excerpt":{"rendered":"<p>Isparta Belediyesi, Galatasaray\u2019\u0131n, Juventus ile oynad\u0131\u011f\u0131 UEFA \u015eampiyonlar Ligi son 16 play-off turu ilk ma\u00e7\u0131 i\u00e7in Atat\u00fcrk Park\u0131 teras kat\u0131na dev ekran kurdu. Belediye Ba\u015fkan\u0131 \u015e\u00fckr\u00fc Ba\u015fde\u011firmen ve e\u015fi \u015eadiye Ba\u015fde\u011firmen, ma\u00e7\u0131 vatanda\u015flarla birlikte takip etti. Galatasaray, UEFA \u015eampiyonlar Ligi son 16 play-off turu ilk ma\u00e7\u0131nda \u0130talya ekiplerinden Juventus ile kar\u015f\u0131la\u015ft\u0131. Isparta Belediyesi, birlik ve&#8230;<\/p>\n","protected":false},"author":1,"featured_media":88851,"comment_status":"open","ping_status":"open","sticky":false,"template":"","format":"standard","meta":{"_crdt_document":"","footnotes":""},"categories":[4],"tags":[],"class_list":["post-88850","post","type-post","status-publish","format-standard","has-post-thumbnail","hentry","category-spor"],"_links":{"self":[{"href":"https:\/\/www.egemtv.com\/index.php?rest_route=\/wp\/v2\/posts\/88850","targetHints":{"allow":["GET"]}}],"collection":[{"href":"https:\/\/www.egemtv.com\/index.php?rest_route=\/wp\/v2\/posts"}],"about":[{"href":"https:\/\/www.egemtv.com\/index.php?rest_route=\/wp\/v2\/types\/post"}],"author":[{"embeddable":true,"href":"https:\/\/www.egemtv.com\/index.php?rest_route=\/wp\/v2\/users\/1"}],"replies":[{"embeddable":true,"href":"https:\/\/www.egemtv.com\/index.php?rest_route=%2Fwp%2Fv2%2Fcomments&post=88850"}],"version-history":[{"count":1,"href":"https:\/\/www.egemtv.com\/index.php?rest_route=\/wp\/v2\/posts\/88850\/revisions"}],"predecessor-version":[{"id":88852,"href":"https:\/\/www.egemtv.com\/index.php?rest_route=\/wp\/v2\/posts\/88850\/revisions\/88852"}],"wp:featuredmedia":[{"embeddable":true,"href":"https:\/\/www.egemtv.com\/index.php?rest_route=\/wp\/v2\/media\/88851"}],"wp:attachment":[{"href":"https:\/\/www.egemtv.com\/index.php?rest_route=%2Fwp%2Fv2%2Fmedia&parent=88850"}],"wp:term":[{"taxonomy":"category","embeddable":true,"href":"https:\/\/www.egemtv.com\/index.php?rest_route=%2Fwp%2Fv2%2Fcategories&post=88850"},{"taxonomy":"post_tag","embeddable":true,"href":"https:\/\/www.egemtv.com\/index.php?rest_route=%2Fwp%2Fv2%2Ftags&post=88850"}],"curies":[{"name":"wp","href":"https:\/\/api.w.org\/{rel}","templated":true}]}}