{"id":88847,"date":"2026-02-18T17:35:12","date_gmt":"2026-02-18T14:35:12","guid":{"rendered":"https:\/\/www.egemtv.com\/?p=88847"},"modified":"2026-02-18T17:35:12","modified_gmt":"2026-02-18T14:35:12","slug":"baskan-sukru-basdegirmen-aksuda-muhtarlarin-taleplerini-dinledi","status":"publish","type":"post","link":"https:\/\/www.egemtv.com\/?p=88847","title":{"rendered":"Ba\u015fkan \u015e\u00fckr\u00fc Ba\u015fde\u011firmen Aksu\u2019da muhtarlar\u0131n taleplerini dinledi"},"content":{"rendered":"<p>Isparta Belediye Ba\u015fkan\u0131 \u015e\u00fckr\u00fc Ba\u015fde\u011firmen il\u00e7e ziyaretlerine devam ediyor. Ba\u015fkan Ba\u015fde\u011firmen ve beraberindeki ba\u015fkan yard\u0131mc\u0131lar\u0131 Aksu il\u00e7esini ziyaret etti. Aksu Belediye Ba\u015fkan\u0131 Veli Kahraman ve il\u00e7eye ba\u011fl\u0131 k\u00f6y muhtarlar\u0131 taraf\u0131ndan kar\u015f\u0131lanan Ba\u015fkan Ba\u015fde\u011firmen, k\u00f6y muhtarlar\u0131n\u0131n taleplerini dinledi, imkanlar dahilinde k\u00f6ylerin sorunlar\u0131n\u0131n giderilmeye devam edece\u011fini s\u00f6yledi.<br \/>\n<br \/>Sosyal belediyecilik anlay\u0131\u015f\u0131n\u0131 il\u00e7e ve k\u00f6ylerde de g\u00f6steren Isparta Belediye Ba\u015fkan\u0131 \u015e\u00fckr\u00fc Ba\u015fde\u011firmen, il\u00e7e ziyaretlerine devam ediyor. Ba\u015fkan Ba\u015fde\u011firmen ve beraberindeki ba\u015fkan yard\u0131mc\u0131lar\u0131 bu kez de Aksu il\u00e7esini ziyaret etti. Aksu Belediye Ba\u015fkan\u0131 Veli Kahraman ve il\u00e7eye ba\u011fl\u0131 k\u00f6y muhtarlar\u0131 taraf\u0131ndan kar\u015f\u0131lanan Ba\u015fkan Ba\u015fde\u011firmen, k\u00f6y muhtarlar\u0131n\u0131n taleplerini dinledi. Samimi bir ortamda ger\u00e7ekle\u015fen bulu\u015fmada muhtarlar, k\u00f6ylerinde devam eden ve planlanan \u00e7al\u0131\u015fmalarla ilgili taleplerini tek tek dile getirdi. Park g\u00fcvenli\u011fi i\u00e7in briket ihtiyac\u0131ndan mezarl\u0131k tuvaletine, k\u00f6y odas\u0131 yap\u0131m\u0131ndan a\u015fevi ve sosyal tesislere kadar bir\u00e7ok konuda destek talebi g\u00fcndeme geldi.<\/p>\n<p>&#8220;Desteklerinizden dolay\u0131 te\u015fekk\u00fcr ediyoruz&#8221;<br \/>\n<br \/>Aksu Belediye Ba\u015fkan\u0131 Veli Kahraman, il\u00e7eye yap\u0131lacak hizmetler i\u00e7in gerekli olan malzemeleri Ba\u015fkan Ba\u015fde\u011firmen\u2019den talep ederek, desteklerinden dolay\u0131 Ba\u015fkan Ba\u015fde\u011firmen\u2019e te\u015fekk\u00fcr etti. Ba\u015fkan Kahraman, &#8220;Her zaman g\u00f6r\u00fc\u015f\u00fcyoruz, konu\u015fuyoruz. Sa\u011f olun, bizim her ihtiyac\u0131m\u0131z\u0131 kar\u015f\u0131l\u0131yorsunuz. Ne olursa. Fakat bundan sonra da ufak tefek ihtiya\u00e7lar\u0131m\u0131z var. Biz park yap\u0131yoruz. Park\u0131n bir taraf\u0131 komple \u00e7aya bakt\u0131\u011f\u0131ndan dolay\u0131 g\u00fcvenlik i\u00e7in bin adet briket ihtiyac\u0131m\u0131z var. Bunun yan\u0131 s\u0131ra belediyenin giri\u015f alan\u0131yla merdivenler i\u00e7in bir andezit ta\u015f\u0131 yapmam\u0131z gerekiyor. Bir de bize 10 tane piknik masas\u0131 ve bank laz\u0131m. Yaz\u0131n laz\u0131m oluyor. \u015eimdiden desteklerinizden dolay\u0131 te\u015fekk\u00fcr ediyoruz&#8221; dedi.<\/p>\n<p>&#8220;Elimizden gelen ne yard\u0131m varsa Allah\u2019\u0131n izniyle yard\u0131m etmeye haz\u0131r\u0131z&#8221;<br \/>\n<br \/>Belediye Ba\u015fkan\u0131 \u015e\u00fckr\u00fc Ba\u015fde\u011firmen, k\u00f6y, belde ve il\u00e7elere y\u00f6nelik hizmetlerde imk\u00e2nlar d\u00e2hilinde her t\u00fcrl\u00fc deste\u011fi vermeye haz\u0131r olduklar\u0131n\u0131 belirterek, il genelinde 204 k\u00f6y, 12 il\u00e7e ve 9 beldeye hizmet g\u00f6t\u00fcrmenin kolay olmad\u0131\u011f\u0131n\u0131, ancak ihtiya\u00e7 duyulan noktalarda eksiklerin giderilmesi i\u00e7in \u00e7al\u0131\u015fmaya devam edeceklerini s\u00f6yledi. Ba\u015fkan Ba\u015fde\u011firmen, &#8220;Elimizden gelen ne yard\u0131m varsa Allah\u2019\u0131n izniyle il\u00e7emize, buradaki size ba\u011fl\u0131 olan k\u00f6ylerimize hepsine de yard\u0131m etmeye haz\u0131r\u0131z. \u0130l \u00f6zel idaremizin katk\u0131lar\u0131n\u0131n d\u0131\u015f\u0131nda kalan yerleri de biz tamamlamaya \u00e7al\u0131\u015fal\u0131m. Biliyorsunuz ki il \u00f6zel idaremiz k\u00f6ylerimize, belde ve il\u00e7elerimize m\u00fcmk\u00fcn oldu\u011fu kadar her \u015feyi yapmaya \u00e7al\u0131\u015f\u0131yor. Ama kolay de\u011fil. 204 k\u00f6y, 12 il\u00e7e, 9 belde. Bazen maddi yetersiz oluyor, bazen zamana yeti\u015filmesi m\u00fcmk\u00fcn olmayabiliyor bu kadar \u00e7ok alana. Yeti\u015femedi\u011fi yerlerde de bizler bu \u015fekilde destekleri vermeye \u00e7al\u0131\u015f\u0131yoruz. Bu k\u00f6yler de bizim k\u00f6y\u00fcm\u00fcz, beldeler de, il\u00e7eler de. Hepsi bizim vatanda\u015f\u0131m\u0131z. Bize verilen imkanlar dahilinde m\u00fcmk\u00fcn oldu\u011fu kadar eksikleri giderece\u011fiz. S\u0131cak kar\u015f\u0131laman\u0131zdan dolay\u0131 da ben sizlere \u00e7ok te\u015fekk\u00fcr ediyorum. Sizlere de Allah kolayl\u0131k versin. Sa\u011f olun. Hay\u0131rl\u0131 i\u015fler versin. K\u00f6ydeki dostlar\u0131m\u0131za, arkada\u015flar\u0131m\u0131za selamlar\u0131m\u0131z\u0131 iletin. Sizler de Isparta\u2019ya geldi\u011finiz zaman kap\u0131m\u0131z a\u00e7\u0131k. Buyurun gelin, biz de sizlere izzet ikramda bulunal\u0131m&#8221; diye konu\u015ftu.<\/p>\n<p>Konu\u015fmalar\u0131n ard\u0131ndan Aksu il\u00e7esine ba\u011fl\u0131 t\u00fcm k\u00f6y muhtarlar\u0131, k\u00f6ylerinde ihtiya\u00e7 duydu\u011fu deste\u011fi Ba\u015fkan Ba\u015fde\u011firmen\u2019den istedi. Ba\u015fkan Ba\u015fde\u011firmen, ba\u015fkan yard\u0131mc\u0131lar\u0131 ve daire m\u00fcd\u00fcrleri de, muhtarlar\u0131n istedi\u011fi malzemeleri not alarak, imkan dahilinde olan desteklerin yerine getirilece\u011fini s\u00f6yledi.<br \/><\/p>\n","protected":false},"excerpt":{"rendered":"<p>Isparta Belediye Ba\u015fkan\u0131 \u015e\u00fckr\u00fc Ba\u015fde\u011firmen il\u00e7e ziyaretlerine devam ediyor. Ba\u015fkan Ba\u015fde\u011firmen ve beraberindeki ba\u015fkan yard\u0131mc\u0131lar\u0131 Aksu il\u00e7esini ziyaret etti. Aksu Belediye Ba\u015fkan\u0131 Veli Kahraman ve il\u00e7eye ba\u011fl\u0131 k\u00f6y muhtarlar\u0131 taraf\u0131ndan kar\u015f\u0131lanan Ba\u015fkan Ba\u015fde\u011firmen, k\u00f6y muhtarlar\u0131n\u0131n taleplerini dinledi, imkanlar dahilinde k\u00f6ylerin sorunlar\u0131n\u0131n giderilmeye devam edece\u011fini s\u00f6yledi. Sosyal belediyecilik anlay\u0131\u015f\u0131n\u0131 il\u00e7e ve k\u00f6ylerde de g\u00f6steren Isparta Belediye&#8230;<\/p>\n","protected":false},"author":1,"featured_media":88848,"comment_status":"open","ping_status":"open","sticky":false,"template":"","format":"standard","meta":{"_crdt_document":"","footnotes":""},"categories":[127],"tags":[],"class_list":["post-88847","post","type-post","status-publish","format-standard","has-post-thumbnail","hentry","category-siyaset"],"_links":{"self":[{"href":"https:\/\/www.egemtv.com\/index.php?rest_route=\/wp\/v2\/posts\/88847","targetHints":{"allow":["GET"]}}],"collection":[{"href":"https:\/\/www.egemtv.com\/index.php?rest_route=\/wp\/v2\/posts"}],"about":[{"href":"https:\/\/www.egemtv.com\/index.php?rest_route=\/wp\/v2\/types\/post"}],"author":[{"embeddable":true,"href":"https:\/\/www.egemtv.com\/index.php?rest_route=\/wp\/v2\/users\/1"}],"replies":[{"embeddable":true,"href":"https:\/\/www.egemtv.com\/index.php?rest_route=%2Fwp%2Fv2%2Fcomments&post=88847"}],"version-history":[{"count":1,"href":"https:\/\/www.egemtv.com\/index.php?rest_route=\/wp\/v2\/posts\/88847\/revisions"}],"predecessor-version":[{"id":88849,"href":"https:\/\/www.egemtv.com\/index.php?rest_route=\/wp\/v2\/posts\/88847\/revisions\/88849"}],"wp:featuredmedia":[{"embeddable":true,"href":"https:\/\/www.egemtv.com\/index.php?rest_route=\/wp\/v2\/media\/88848"}],"wp:attachment":[{"href":"https:\/\/www.egemtv.com\/index.php?rest_route=%2Fwp%2Fv2%2Fmedia&parent=88847"}],"wp:term":[{"taxonomy":"category","embeddable":true,"href":"https:\/\/www.egemtv.com\/index.php?rest_route=%2Fwp%2Fv2%2Fcategories&post=88847"},{"taxonomy":"post_tag","embeddable":true,"href":"https:\/\/www.egemtv.com\/index.php?rest_route=%2Fwp%2Fv2%2Ftags&post=88847"}],"curies":[{"name":"wp","href":"https:\/\/api.w.org\/{rel}","templated":true}]}}