{"id":88844,"date":"2026-02-18T17:35:11","date_gmt":"2026-02-18T14:35:11","guid":{"rendered":"https:\/\/www.egemtv.com\/?p=88844"},"modified":"2026-02-18T17:35:11","modified_gmt":"2026-02-18T14:35:11","slug":"efelerde-kapanan-yollar-aciliyor-2","status":"publish","type":"post","link":"https:\/\/www.egemtv.com\/?p=88844","title":{"rendered":"Efeler\u2019de kapanan yollar a\u00e7\u0131l\u0131yor"},"content":{"rendered":"<p>Kentte etkili olan yo\u011fun ya\u011f\u0131\u015flar nedeniyle baz\u0131 mahallelerde ula\u015f\u0131mda aksamalar ya\u015fand\u0131. Meydana gelen g\u00f6\u00e7\u00fckler ve yol kapanmalar\u0131na kar\u015f\u0131 Efeler Belediyesi Fen \u0130\u015fleri M\u00fcd\u00fcrl\u00fc\u011f\u00fc ekipleri vakit kaybetmeden sahaya inerek gerekli \u00e7al\u0131\u015fmalar\u0131 ba\u015flatt\u0131. Yap\u0131lan m\u00fcdahalelerle k\u0131sa s\u00fcrede yollar yeniden ula\u015f\u0131ma a\u00e7\u0131ld\u0131.<\/p>\n<p>Ambarc\u0131k Mahallesi\u2019nde g\u00f6\u00e7en istinat duvar\u0131n\u0131n kald\u0131r\u0131lmas\u0131yla kapanan yol g\u00fcvenli hale getirilirken, B\u00f6cek Mahallesi\u2019nde \u00e7\u00f6ken ve zarar g\u00f6ren yollar ekiplerin \u00e7al\u0131\u015fmalar\u0131 sonucu yeniden kullan\u0131ma a\u00e7\u0131ld\u0131. Yukar\u0131 Kayac\u0131k ve \u00c7ayy\u00fcz\u00fc Mahallesi\u2019nde ya\u011f\u0131\u015flar nedeniyle kapanan g\u00fczergahlarda temizlik ve d\u00fczenleme \u00e7al\u0131\u015fmalar\u0131 ger\u00e7ekle\u015ftirilirken, Yukar\u0131 G\u00f6lc\u00fck Mahallesi\u2019nde kayan ve \u00e7\u00f6ken yol da i\u015f makineleriyle yap\u0131lan m\u00fcdahale sonras\u0131 ula\u015f\u0131ma kazand\u0131r\u0131ld\u0131.<\/p>\n<p>Fen \u0130\u015fleri M\u00fcd\u00fcrl\u00fc\u011f\u00fc ekipleri, i\u015f makineleri ve saha personeliyle koordineli bir \u015fekilde \u00e7al\u0131\u015farak olumsuzluklar\u0131n vatanda\u015flar\u0131n g\u00fcnl\u00fck ya\u015fam\u0131n\u0131 etkilememesi i\u00e7in yo\u011fun mesai harcad\u0131. Yap\u0131lan \u00e7al\u0131\u015fmalar sayesinde ula\u015f\u0131m g\u00fcvenli \u015fekilde yeniden sa\u011fland\u0131.<\/p>\n<p>Ya\u011f\u0131\u015flar\u0131n etkisini s\u00fcrd\u00fcrmesi nedeniyle Efeler Belediyesi ekipleri muhtemel sorunlara kar\u015f\u0131 sahadaki kontrollerini s\u00fcrd\u00fcr\u00fcyor. Riskli b\u00f6lgelerde denetimler art\u0131r\u0131l\u0131rken, gerekli g\u00f6r\u00fclen noktalarda \u00f6nleyici \u00e7al\u0131\u015fmalar ger\u00e7ekle\u015ftiriliyor. Yetkililer, vatanda\u015flar\u0131n kar\u015f\u0131la\u015ft\u0131klar\u0131 olumsuzluklar\u0131 belediyeye bildirerek destek talebinde bulunabileceklerini ifade etti.<\/p>\n<p>Mahalle sakinleri, k\u0131sa s\u00fcrede yap\u0131lan m\u00fcdahalelerden duyduklar\u0131 memnuniyeti dile getirerek Efeler Belediye Ba\u015fkan\u0131 An\u0131l Yeti\u015fkin ve belediye \u00e7al\u0131\u015fanlar\u0131na te\u015fekk\u00fcr etti.<br \/><\/p>\n","protected":false},"excerpt":{"rendered":"<p>Kentte etkili olan yo\u011fun ya\u011f\u0131\u015flar nedeniyle baz\u0131 mahallelerde ula\u015f\u0131mda aksamalar ya\u015fand\u0131. Meydana gelen g\u00f6\u00e7\u00fckler ve yol kapanmalar\u0131na kar\u015f\u0131 Efeler Belediyesi Fen \u0130\u015fleri M\u00fcd\u00fcrl\u00fc\u011f\u00fc ekipleri vakit kaybetmeden sahaya inerek gerekli \u00e7al\u0131\u015fmalar\u0131 ba\u015flatt\u0131. Yap\u0131lan m\u00fcdahalelerle k\u0131sa s\u00fcrede yollar yeniden ula\u015f\u0131ma a\u00e7\u0131ld\u0131. Ambarc\u0131k Mahallesi\u2019nde g\u00f6\u00e7en istinat duvar\u0131n\u0131n kald\u0131r\u0131lmas\u0131yla kapanan yol g\u00fcvenli hale getirilirken, B\u00f6cek Mahallesi\u2019nde \u00e7\u00f6ken ve zarar&#8230;<\/p>\n","protected":false},"author":1,"featured_media":88845,"comment_status":"open","ping_status":"open","sticky":false,"template":"","format":"standard","meta":{"_crdt_document":"","footnotes":""},"categories":[1],"tags":[],"class_list":["post-88844","post","type-post","status-publish","format-standard","has-post-thumbnail","hentry","category-guncel"],"_links":{"self":[{"href":"https:\/\/www.egemtv.com\/index.php?rest_route=\/wp\/v2\/posts\/88844","targetHints":{"allow":["GET"]}}],"collection":[{"href":"https:\/\/www.egemtv.com\/index.php?rest_route=\/wp\/v2\/posts"}],"about":[{"href":"https:\/\/www.egemtv.com\/index.php?rest_route=\/wp\/v2\/types\/post"}],"author":[{"embeddable":true,"href":"https:\/\/www.egemtv.com\/index.php?rest_route=\/wp\/v2\/users\/1"}],"replies":[{"embeddable":true,"href":"https:\/\/www.egemtv.com\/index.php?rest_route=%2Fwp%2Fv2%2Fcomments&post=88844"}],"version-history":[{"count":1,"href":"https:\/\/www.egemtv.com\/index.php?rest_route=\/wp\/v2\/posts\/88844\/revisions"}],"predecessor-version":[{"id":88846,"href":"https:\/\/www.egemtv.com\/index.php?rest_route=\/wp\/v2\/posts\/88844\/revisions\/88846"}],"wp:featuredmedia":[{"embeddable":true,"href":"https:\/\/www.egemtv.com\/index.php?rest_route=\/wp\/v2\/media\/88845"}],"wp:attachment":[{"href":"https:\/\/www.egemtv.com\/index.php?rest_route=%2Fwp%2Fv2%2Fmedia&parent=88844"}],"wp:term":[{"taxonomy":"category","embeddable":true,"href":"https:\/\/www.egemtv.com\/index.php?rest_route=%2Fwp%2Fv2%2Fcategories&post=88844"},{"taxonomy":"post_tag","embeddable":true,"href":"https:\/\/www.egemtv.com\/index.php?rest_route=%2Fwp%2Fv2%2Ftags&post=88844"}],"curies":[{"name":"wp","href":"https:\/\/api.w.org\/{rel}","templated":true}]}}