{"id":88841,"date":"2026-02-18T17:35:10","date_gmt":"2026-02-18T14:35:10","guid":{"rendered":"https:\/\/www.egemtv.com\/?p=88841"},"modified":"2026-02-18T17:35:11","modified_gmt":"2026-02-18T14:35:11","slug":"fethiye-antalya-kara-yolunda-su-baskini-ulasim-kontrollu-saglaniyor","status":"publish","type":"post","link":"https:\/\/www.egemtv.com\/?p=88841","title":{"rendered":"Fethiye &#8211; Antalya kara yolunda su bask\u0131n\u0131: &#8220;Ula\u015f\u0131m kontroll\u00fc sa\u011flan\u0131yor&#8221;"},"content":{"rendered":"<p>Fethiye-Antalya kara yolunda su bask\u0131n\u0131 nedeniyle ula\u015f\u0131m kontroll\u00fc olarak sa\u011flan\u0131rken, b\u00f6lge havadan g\u00f6r\u00fcnt\u00fclendi.<br \/>\n<br \/>Kara yolu \u00fczerinde bulunan E\u015fen 1 Baraj G\u00f6leti\u2019nde kuvvetli ya\u011f\u0131\u015flar\u0131n ard\u0131ndan su seviyesi y\u00fckselince, yolun bir noktas\u0131nda su birikintisi olu\u015ftu. \u0130hbar \u00fczerine b\u00f6lgeye Fethiye B\u00f6lge Trafik \u0130stasyon Amirli\u011fi ile kara yollar\u0131 ekipleri sevk edildi. Polis ekipleri g\u00fcvenlik \u00f6nlemleri al\u0131rken, kara yollar\u0131 ekipleri taraf\u0131ndan yol kenar\u0131ndaki \u00e7elik bariyer kald\u0131r\u0131larak yol geni\u015fletme \u00e7al\u0131\u015fmas\u0131 ba\u015flat\u0131ld\u0131. Ula\u015f\u0131m\u0131n bir s\u00fcre tek \u015feritten kontroll\u00fc olarak sa\u011fland\u0131\u011f\u0131 kara yolunda, \u00e7al\u0131\u015fmalar\u0131n tamamlanmas\u0131n\u0131n ard\u0131ndan \u00e7ift y\u00f6nden ula\u015f\u0131m\u0131n yeniden sa\u011flanmas\u0131n\u0131n hedeflendi\u011fi bildirildi.<br \/>\n<br \/>B\u00f6lgede ekiplerin g\u00fcvenlik amac\u0131yla n\u00f6bet tuttu\u011fu \u00f6\u011frenildi.<br \/><\/p>\n","protected":false},"excerpt":{"rendered":"<p>Fethiye-Antalya kara yolunda su bask\u0131n\u0131 nedeniyle ula\u015f\u0131m kontroll\u00fc olarak sa\u011flan\u0131rken, b\u00f6lge havadan g\u00f6r\u00fcnt\u00fclendi. Kara yolu \u00fczerinde bulunan E\u015fen 1 Baraj G\u00f6leti\u2019nde kuvvetli ya\u011f\u0131\u015flar\u0131n ard\u0131ndan su seviyesi y\u00fckselince, yolun bir noktas\u0131nda su birikintisi olu\u015ftu. \u0130hbar \u00fczerine b\u00f6lgeye Fethiye B\u00f6lge Trafik \u0130stasyon Amirli\u011fi ile kara yollar\u0131 ekipleri sevk edildi. Polis ekipleri g\u00fcvenlik \u00f6nlemleri al\u0131rken, kara yollar\u0131 ekipleri&#8230;<\/p>\n","protected":false},"author":1,"featured_media":88842,"comment_status":"open","ping_status":"open","sticky":false,"template":"","format":"standard","meta":{"_crdt_document":"","footnotes":""},"categories":[5],"tags":[],"class_list":["post-88841","post","type-post","status-publish","format-standard","has-post-thumbnail","hentry","category-asayis"],"_links":{"self":[{"href":"https:\/\/www.egemtv.com\/index.php?rest_route=\/wp\/v2\/posts\/88841","targetHints":{"allow":["GET"]}}],"collection":[{"href":"https:\/\/www.egemtv.com\/index.php?rest_route=\/wp\/v2\/posts"}],"about":[{"href":"https:\/\/www.egemtv.com\/index.php?rest_route=\/wp\/v2\/types\/post"}],"author":[{"embeddable":true,"href":"https:\/\/www.egemtv.com\/index.php?rest_route=\/wp\/v2\/users\/1"}],"replies":[{"embeddable":true,"href":"https:\/\/www.egemtv.com\/index.php?rest_route=%2Fwp%2Fv2%2Fcomments&post=88841"}],"version-history":[{"count":1,"href":"https:\/\/www.egemtv.com\/index.php?rest_route=\/wp\/v2\/posts\/88841\/revisions"}],"predecessor-version":[{"id":88843,"href":"https:\/\/www.egemtv.com\/index.php?rest_route=\/wp\/v2\/posts\/88841\/revisions\/88843"}],"wp:featuredmedia":[{"embeddable":true,"href":"https:\/\/www.egemtv.com\/index.php?rest_route=\/wp\/v2\/media\/88842"}],"wp:attachment":[{"href":"https:\/\/www.egemtv.com\/index.php?rest_route=%2Fwp%2Fv2%2Fmedia&parent=88841"}],"wp:term":[{"taxonomy":"category","embeddable":true,"href":"https:\/\/www.egemtv.com\/index.php?rest_route=%2Fwp%2Fv2%2Fcategories&post=88841"},{"taxonomy":"post_tag","embeddable":true,"href":"https:\/\/www.egemtv.com\/index.php?rest_route=%2Fwp%2Fv2%2Ftags&post=88841"}],"curies":[{"name":"wp","href":"https:\/\/api.w.org\/{rel}","templated":true}]}}