{"id":88838,"date":"2026-02-18T17:35:09","date_gmt":"2026-02-18T14:35:09","guid":{"rendered":"https:\/\/www.egemtv.com\/?p=88838"},"modified":"2026-02-18T17:35:10","modified_gmt":"2026-02-18T14:35:10","slug":"ispartada-iftar-sofralari-istiklal-otoparkta-kurulacak","status":"publish","type":"post","link":"https:\/\/www.egemtv.com\/?p=88838","title":{"rendered":"Isparta\u2019da iftar sofralar\u0131 \u0130stiklal Otopark\u2019ta kurulacak"},"content":{"rendered":"<p>Isparta Belediyesi, on bir ay\u0131n sultan\u0131 Ramazan ay\u0131 dolay\u0131s\u0131yla cadde, sokak ve cami \u00f6nlerini \u00f6zel s\u00fcslemelerle \u0131\u015f\u0131kland\u0131rd\u0131. Belediyenin iftar sofralar\u0131 ise ge\u00e7en y\u0131l oldu\u011fu gibi yine \u0130stiklal Yeralt\u0131 Katl\u0131 Otopark\u2019ta kurulacak.<br \/>\n<br \/>Isparta Belediyesi taraf\u0131ndan \u015fehrin farkl\u0131 noktalar\u0131nda ger\u00e7ekle\u015ftirilen \u0131\u015f\u0131kland\u0131rma \u00e7al\u0131\u015fmalar\u0131 kapsam\u0131nda Mimar Sinan Caddesi &#8220;Ho\u015f geldin Ramazan&#8221; yaz\u0131l\u0131 mahya ve \u00e7e\u015fitli \u0131\u015f\u0131k dekorlar\u0131yla s\u00fcslendi. Cadde \u00fczerindeki ayd\u0131nlatma direklerine de Ramazan ay\u0131na \u00f6zg\u00fc kandil ve s\u00fcslemeler as\u0131ld\u0131. Belediye hizmet binas\u0131n\u0131n yan taraf\u0131ndaki kald\u0131r\u0131ma \u0131\u015f\u0131kl\u0131 kandil yerle\u015ftirilirken, bina \u00f6n\u00fcndeki otopark\u0131n \u00fcst k\u0131sm\u0131na hilal ve cami sil\u00fcetleri konularak \u0131\u015f\u0131kland\u0131r\u0131ld\u0131. Eski \u00e7ar\u015f\u0131 polis karakolunun kar\u015f\u0131s\u0131ndaki noktaya ise &#8220;Hay\u0131rl\u0131 Ramazanlar&#8221; yaz\u0131l\u0131 mahya ile cami silueti yerle\u015ftirildi. Mimar Sinan Camii \u00f6n\u00fcndeki meydana \u0131\u015f\u0131kl\u0131 &#8220;Hay\u0131rl\u0131 Ramazanlar&#8221; mahyas\u0131 as\u0131l\u0131rken, caminin giri\u015fi de ayn\u0131 yaz\u0131l\u0131 mahya ile s\u00fcslendi. Meydana hilal ve cami sil\u00fcetleri yerle\u015ftirildi, meydandaki havuza \u0131\u015f\u0131k s\u00fcslemeleri yap\u0131ld\u0131. Kavakl\u0131 Camii giri\u015finde de benzer \u015fekilde \u0131\u015f\u0131kl\u0131 mahya ve s\u00fcslemeler kullan\u0131ld\u0131. Ayr\u0131ca \u00c7\u00fcn\u00fcr Mahallesi\u2019ndeki Hz. Ali Camii \u00f6n\u00fcnde kandil ve hilal motifleriyle \u0131\u015f\u0131kland\u0131rma \u00e7al\u0131\u015fmas\u0131 yap\u0131ld\u0131. Isparta Belediyesi, farkl\u0131 noktalarda yapt\u0131\u011f\u0131 s\u00fcslemelerle kenti Ramazan\u2019\u0131n manevi atmosferine haz\u0131r hale getirdi.<\/p>\n<p>\u0130ftar sofralar\u0131 bu y\u0131l da \u0130stiklal Otopark\u2019ta kurulacak<br \/>\n<br \/>Isparta Belediyesi, Ramazan ay\u0131 boyunca iftarda ikramlarda bulunacak. \u0130ftar ikramlar\u0131 ge\u00e7en y\u0131l oldu\u011fu gibi bu y\u0131l da askeri lojmanlar\u0131n yan\u0131nda bulunan \u0130stiklal Yeralt\u0131 Katl\u0131 Otopark\u2019\u0131n eksi 1\u2019inci kat\u0131nda olacak. Vatanda\u015flar, her y\u0131l oldu\u011fu gibi bu y\u0131l da Isparta Belediyesi\u2019nin iftar sofralar\u0131nda birlikte oru\u00e7lar\u0131n\u0131 a\u00e7abilecek.<br \/>\n<br \/>Isparta Belediye Ba\u015fkan\u0131 \u015e\u00fckr\u00fc Ba\u015fde\u011firmen, vatanda\u015flar\u0131 Ramazan ay\u0131n\u0131n manevi atmosferini hep birlikte ya\u015famak i\u00e7in belediyenin iftar sofralar\u0131nda bulu\u015fmaya davet etti.<\/p>\n<p>Kad\u0131n personel 1 saat erken \u00e7\u0131kacak<br \/>\n<br \/>\u00d6te yandan Ba\u015fkan Ba\u015fde\u011firmen, Ramazan ay\u0131 dolay\u0131s\u0131yla ge\u00e7en y\u0131l oldu\u011fu gibi bu y\u0131l da kad\u0131n \u00e7al\u0131\u015fanlar\u0131 sevindirecek bir karara imza att\u0131. Ba\u015fkan Ba\u015fde\u011firmen\u2019in talimat\u0131yla belediyede \u00e7al\u0131\u015fan kad\u0131nlar\u0131n iftar haz\u0131rl\u0131klar\u0131n\u0131 kolayla\u015ft\u0131rmak amac\u0131yla 1 saat erken \u00e7\u0131kmalar\u0131 karar\u0131 al\u0131nd\u0131. B\u00f6ylelikle belediyedeki kad\u0131n personel, Ramazan ay\u0131 boyunca 1 saat erken \u00e7\u0131kabilecek.<br \/><\/p>\n","protected":false},"excerpt":{"rendered":"<p>Isparta Belediyesi, on bir ay\u0131n sultan\u0131 Ramazan ay\u0131 dolay\u0131s\u0131yla cadde, sokak ve cami \u00f6nlerini \u00f6zel s\u00fcslemelerle \u0131\u015f\u0131kland\u0131rd\u0131. Belediyenin iftar sofralar\u0131 ise ge\u00e7en y\u0131l oldu\u011fu gibi yine \u0130stiklal Yeralt\u0131 Katl\u0131 Otopark\u2019ta kurulacak. Isparta Belediyesi taraf\u0131ndan \u015fehrin farkl\u0131 noktalar\u0131nda ger\u00e7ekle\u015ftirilen \u0131\u015f\u0131kland\u0131rma \u00e7al\u0131\u015fmalar\u0131 kapsam\u0131nda Mimar Sinan Caddesi &#8220;Ho\u015f geldin Ramazan&#8221; yaz\u0131l\u0131 mahya ve \u00e7e\u015fitli \u0131\u015f\u0131k dekorlar\u0131yla s\u00fcslendi. Cadde&#8230;<\/p>\n","protected":false},"author":1,"featured_media":88839,"comment_status":"open","ping_status":"open","sticky":false,"template":"","format":"standard","meta":{"_crdt_document":"","footnotes":""},"categories":[1],"tags":[],"class_list":["post-88838","post","type-post","status-publish","format-standard","has-post-thumbnail","hentry","category-guncel"],"_links":{"self":[{"href":"https:\/\/www.egemtv.com\/index.php?rest_route=\/wp\/v2\/posts\/88838","targetHints":{"allow":["GET"]}}],"collection":[{"href":"https:\/\/www.egemtv.com\/index.php?rest_route=\/wp\/v2\/posts"}],"about":[{"href":"https:\/\/www.egemtv.com\/index.php?rest_route=\/wp\/v2\/types\/post"}],"author":[{"embeddable":true,"href":"https:\/\/www.egemtv.com\/index.php?rest_route=\/wp\/v2\/users\/1"}],"replies":[{"embeddable":true,"href":"https:\/\/www.egemtv.com\/index.php?rest_route=%2Fwp%2Fv2%2Fcomments&post=88838"}],"version-history":[{"count":1,"href":"https:\/\/www.egemtv.com\/index.php?rest_route=\/wp\/v2\/posts\/88838\/revisions"}],"predecessor-version":[{"id":88840,"href":"https:\/\/www.egemtv.com\/index.php?rest_route=\/wp\/v2\/posts\/88838\/revisions\/88840"}],"wp:featuredmedia":[{"embeddable":true,"href":"https:\/\/www.egemtv.com\/index.php?rest_route=\/wp\/v2\/media\/88839"}],"wp:attachment":[{"href":"https:\/\/www.egemtv.com\/index.php?rest_route=%2Fwp%2Fv2%2Fmedia&parent=88838"}],"wp:term":[{"taxonomy":"category","embeddable":true,"href":"https:\/\/www.egemtv.com\/index.php?rest_route=%2Fwp%2Fv2%2Fcategories&post=88838"},{"taxonomy":"post_tag","embeddable":true,"href":"https:\/\/www.egemtv.com\/index.php?rest_route=%2Fwp%2Fv2%2Ftags&post=88838"}],"curies":[{"name":"wp","href":"https:\/\/api.w.org\/{rel}","templated":true}]}}