{"id":88835,"date":"2026-02-18T17:35:08","date_gmt":"2026-02-18T14:35:08","guid":{"rendered":"https:\/\/www.egemtv.com\/?p=88835"},"modified":"2026-02-18T17:35:09","modified_gmt":"2026-02-18T14:35:09","slug":"aydinda-sel-magduru-vatandas-helikopterle-kurtarildi","status":"publish","type":"post","link":"https:\/\/www.egemtv.com\/?p=88835","title":{"rendered":"Ayd\u0131n\u2019da sel ma\u011fduru vatanda\u015f helikopterle kurtar\u0131ld\u0131"},"content":{"rendered":"<p>Ayd\u0131n\u2019\u0131n Ko\u00e7arl\u0131 il\u00e7esinde etkili olan \u015fiddetli ya\u011f\u0131\u015flar sonras\u0131nda B\u00fcy\u00fck Menderes Nehri\u2019ndeki ta\u015fk\u0131nla sel sular\u0131n\u0131n ortas\u0131nda mahsur kalan bir vatanda\u015f, ekiplerin havadan m\u00fcdahalesiyle kurtar\u0131ld\u0131. Kurtar\u0131lan \u015fahs\u0131n yakla\u015f\u0131k bir haftad\u0131r bulundu\u011fu yerde mahsur kald\u0131\u011f\u0131 \u00f6\u011frenildi.<\/p>\n<p>Edinilen bilgiye g\u00f6re, Kasaplar mevkiinde hayvanlar\u0131n\u0131 korumak amac\u0131yla damda bekleyen Abdullah \u00d6p\u00f6z, B\u00fcy\u00fck Menderes Nehri\u2019nin su seviyesinin h\u0131zla y\u00fckselmesi ve ya\u015fanan ta\u015fk\u0131n \u00fczerine mahsur kald\u0131. Mahallede incelemelerde bulunan B\u0131y\u0131kl\u0131 Mahalle Muhtar\u0131 Mustafa Turgan, \u00d6p\u00f6z\u2019\u00fcn damda mahsur kald\u0131\u011f\u0131n\u0131 fark etti. Durumu vakit kaybetmeden AFAD ve jandarma ekiplerine bildiren muhtar\u0131n ihbar\u0131 \u00fczerine b\u00f6lgeye ekipler sevk edildi. Karadan ula\u015f\u0131m\u0131n m\u00fcmk\u00fcn olmamas\u0131 nedeniyle kurtarma \u00e7al\u0131\u015fmas\u0131 havadan ger\u00e7ekle\u015ftirildi. Olay yerine y\u00f6nlendirilen Ayd\u0131n Jandarma Filo Komutanl\u0131\u011f\u0131\u2019na ait helikopterle bulundu\u011fu noktadan al\u0131nan \u00d6p\u00f6z, sa\u011fl\u0131k kontrol\u00fc i\u00e7in hastaneye sevk edildi. Vatanda\u015f\u0131n sa\u011fl\u0131k durumunun iyi oldu\u011fu \u00f6\u011frenildi.<\/p>\n<p>\u00c7evresi tamamen sularla kaplanan \u00d6p\u00f6z\u2019\u00fcn yard\u0131m talebinde bulunacak imkan bulamad\u0131\u011f\u0131 ve yakla\u015f\u0131k bir hafta boyunca damda ya\u015fam m\u00fccadelesi verdi\u011fi \u00f6\u011frenildi.<\/p>\n","protected":false},"excerpt":{"rendered":"<p>Ayd\u0131n\u2019\u0131n Ko\u00e7arl\u0131 il\u00e7esinde etkili olan \u015fiddetli ya\u011f\u0131\u015flar sonras\u0131nda B\u00fcy\u00fck Menderes Nehri\u2019ndeki ta\u015fk\u0131nla sel sular\u0131n\u0131n ortas\u0131nda mahsur kalan bir vatanda\u015f, ekiplerin havadan m\u00fcdahalesiyle kurtar\u0131ld\u0131. Kurtar\u0131lan \u015fahs\u0131n yakla\u015f\u0131k bir haftad\u0131r bulundu\u011fu yerde mahsur kald\u0131\u011f\u0131 \u00f6\u011frenildi. Edinilen bilgiye g\u00f6re, Kasaplar mevkiinde hayvanlar\u0131n\u0131 korumak amac\u0131yla damda bekleyen Abdullah \u00d6p\u00f6z, B\u00fcy\u00fck Menderes Nehri\u2019nin su seviyesinin h\u0131zla y\u00fckselmesi ve ya\u015fanan ta\u015fk\u0131n&#8230;<\/p>\n","protected":false},"author":1,"featured_media":88836,"comment_status":"open","ping_status":"open","sticky":false,"template":"","format":"standard","meta":{"_crdt_document":"","footnotes":""},"categories":[5],"tags":[],"class_list":["post-88835","post","type-post","status-publish","format-standard","has-post-thumbnail","hentry","category-asayis"],"_links":{"self":[{"href":"https:\/\/www.egemtv.com\/index.php?rest_route=\/wp\/v2\/posts\/88835","targetHints":{"allow":["GET"]}}],"collection":[{"href":"https:\/\/www.egemtv.com\/index.php?rest_route=\/wp\/v2\/posts"}],"about":[{"href":"https:\/\/www.egemtv.com\/index.php?rest_route=\/wp\/v2\/types\/post"}],"author":[{"embeddable":true,"href":"https:\/\/www.egemtv.com\/index.php?rest_route=\/wp\/v2\/users\/1"}],"replies":[{"embeddable":true,"href":"https:\/\/www.egemtv.com\/index.php?rest_route=%2Fwp%2Fv2%2Fcomments&post=88835"}],"version-history":[{"count":1,"href":"https:\/\/www.egemtv.com\/index.php?rest_route=\/wp\/v2\/posts\/88835\/revisions"}],"predecessor-version":[{"id":88837,"href":"https:\/\/www.egemtv.com\/index.php?rest_route=\/wp\/v2\/posts\/88835\/revisions\/88837"}],"wp:featuredmedia":[{"embeddable":true,"href":"https:\/\/www.egemtv.com\/index.php?rest_route=\/wp\/v2\/media\/88836"}],"wp:attachment":[{"href":"https:\/\/www.egemtv.com\/index.php?rest_route=%2Fwp%2Fv2%2Fmedia&parent=88835"}],"wp:term":[{"taxonomy":"category","embeddable":true,"href":"https:\/\/www.egemtv.com\/index.php?rest_route=%2Fwp%2Fv2%2Fcategories&post=88835"},{"taxonomy":"post_tag","embeddable":true,"href":"https:\/\/www.egemtv.com\/index.php?rest_route=%2Fwp%2Fv2%2Ftags&post=88835"}],"curies":[{"name":"wp","href":"https:\/\/api.w.org\/{rel}","templated":true}]}}