{"id":88832,"date":"2026-02-18T17:14:54","date_gmt":"2026-02-18T14:14:54","guid":{"rendered":"https:\/\/www.egemtv.com\/?p=88832"},"modified":"2026-02-18T17:14:55","modified_gmt":"2026-02-18T14:14:55","slug":"ramazanda-isletmelere-sahura-kadar-acik-kalma-izni","status":"publish","type":"post","link":"https:\/\/www.egemtv.com\/?p=88832","title":{"rendered":"Ramazan\u2019da i\u015fletmelere sahura kadar a\u00e7\u0131k kalma izni"},"content":{"rendered":"<p>Kula Esnaf ve Sanatkarlar Odas\u0131 Ba\u015fkan\u0131 Aytekin \u015eadan, lokanta, kafe, kahvehane ve pastanelerin Ramazan ay\u0131 boyunca sahur saatine kadar a\u00e7\u0131k kalabilece\u011fini a\u00e7\u0131klad\u0131.<br \/>\n<br \/>Ba\u015fkan \u015eadan, al\u0131nan karar\u0131n hem esnaf\u0131n ekonomik faaliyetlerini desteklemek hem de vatanda\u015flar\u0131n Ramazan ay\u0131ndaki sosyal ihtiya\u00e7lar\u0131na cevap verebilmek amac\u0131yla hayata ge\u00e7irildi\u011fini belirtti. \u00d6zellikle iftar sonras\u0131 artan yo\u011funluk ve sahur \u00f6ncesi taleplerin dikkate al\u0131nd\u0131\u011f\u0131n\u0131 ifade eden \u015eadan, uygulaman\u0131n ilgili kurumlarla yap\u0131lan isti\u015fareler sonucunda netle\u015fti\u011fini s\u00f6yledi. \u015eadan a\u00e7\u0131klamas\u0131nda, &#8220;Ramazan ay\u0131 boyunca lokanta, kafe, kahvehane ve pastanelerimiz sahur saatine kadar hizmet verebilecek. Esnaf\u0131m\u0131z\u0131n ma\u011fduriyet ya\u015famamas\u0131 ve vatanda\u015flar\u0131m\u0131z\u0131n da huzurlu bir \u015fekilde hizmet alabilmesi i\u00e7in gerekli d\u00fczenlemeler yap\u0131lm\u0131\u015ft\u0131r&#8221; dedi. Karar\u0131n il\u00e7e genelindeki i\u015fletmeleri kapsad\u0131\u011f\u0131n\u0131 vurgulayan \u015eadan, esnaf\u0131n belirlenen kurallara ve kamu d\u00fczenine riayet etmesinin \u00f6nemine dikkat \u00e7ekti. G\u00fcr\u00fclt\u00fc, \u00e7evre temizli\u011fi ve genel asayi\u015f konular\u0131nda hassasiyet g\u00f6sterilmesi gerekti\u011fini belirten \u015eadan, t\u00fcm i\u015fletme sahiplerine hay\u0131rl\u0131 ve bereketli bir Ramazan temennisinde bulundu. Yeni d\u00fczenlemenin \u00f6zellikle k\u00fc\u00e7\u00fck esnaf a\u00e7\u0131s\u0131ndan ekonomik hareketlilik sa\u011flamas\u0131 beklenirken, vatanda\u015flar\u0131n sahur \u00f6ncesi ihtiya\u00e7lar\u0131n\u0131 daha rahat kar\u015f\u0131layabilece\u011fi ifade edildi.<br \/><\/p>\n","protected":false},"excerpt":{"rendered":"<p>Kula Esnaf ve Sanatkarlar Odas\u0131 Ba\u015fkan\u0131 Aytekin \u015eadan, lokanta, kafe, kahvehane ve pastanelerin Ramazan ay\u0131 boyunca sahur saatine kadar a\u00e7\u0131k kalabilece\u011fini a\u00e7\u0131klad\u0131. Ba\u015fkan \u015eadan, al\u0131nan karar\u0131n hem esnaf\u0131n ekonomik faaliyetlerini desteklemek hem de vatanda\u015flar\u0131n Ramazan ay\u0131ndaki sosyal ihtiya\u00e7lar\u0131na cevap verebilmek amac\u0131yla hayata ge\u00e7irildi\u011fini belirtti. \u00d6zellikle iftar sonras\u0131 artan yo\u011funluk ve sahur \u00f6ncesi taleplerin dikkate al\u0131nd\u0131\u011f\u0131n\u0131&#8230;<\/p>\n","protected":false},"author":1,"featured_media":88833,"comment_status":"open","ping_status":"open","sticky":false,"template":"","format":"standard","meta":{"_crdt_document":"","footnotes":""},"categories":[125],"tags":[],"class_list":["post-88832","post","type-post","status-publish","format-standard","has-post-thumbnail","hentry","category-ekonomi"],"_links":{"self":[{"href":"https:\/\/www.egemtv.com\/index.php?rest_route=\/wp\/v2\/posts\/88832","targetHints":{"allow":["GET"]}}],"collection":[{"href":"https:\/\/www.egemtv.com\/index.php?rest_route=\/wp\/v2\/posts"}],"about":[{"href":"https:\/\/www.egemtv.com\/index.php?rest_route=\/wp\/v2\/types\/post"}],"author":[{"embeddable":true,"href":"https:\/\/www.egemtv.com\/index.php?rest_route=\/wp\/v2\/users\/1"}],"replies":[{"embeddable":true,"href":"https:\/\/www.egemtv.com\/index.php?rest_route=%2Fwp%2Fv2%2Fcomments&post=88832"}],"version-history":[{"count":1,"href":"https:\/\/www.egemtv.com\/index.php?rest_route=\/wp\/v2\/posts\/88832\/revisions"}],"predecessor-version":[{"id":88834,"href":"https:\/\/www.egemtv.com\/index.php?rest_route=\/wp\/v2\/posts\/88832\/revisions\/88834"}],"wp:featuredmedia":[{"embeddable":true,"href":"https:\/\/www.egemtv.com\/index.php?rest_route=\/wp\/v2\/media\/88833"}],"wp:attachment":[{"href":"https:\/\/www.egemtv.com\/index.php?rest_route=%2Fwp%2Fv2%2Fmedia&parent=88832"}],"wp:term":[{"taxonomy":"category","embeddable":true,"href":"https:\/\/www.egemtv.com\/index.php?rest_route=%2Fwp%2Fv2%2Fcategories&post=88832"},{"taxonomy":"post_tag","embeddable":true,"href":"https:\/\/www.egemtv.com\/index.php?rest_route=%2Fwp%2Fv2%2Ftags&post=88832"}],"curies":[{"name":"wp","href":"https:\/\/api.w.org\/{rel}","templated":true}]}}