{"id":88829,"date":"2026-02-18T17:14:53","date_gmt":"2026-02-18T14:14:53","guid":{"rendered":"https:\/\/www.egemtv.com\/?p=88829"},"modified":"2026-02-18T17:14:54","modified_gmt":"2026-02-18T14:14:54","slug":"nazillide-firtinayla-devrilen-dev-cam-agaci-karayolunu-trafige-kapadi","status":"publish","type":"post","link":"https:\/\/www.egemtv.com\/?p=88829","title":{"rendered":"Nazilli\u2019de f\u0131rt\u0131nayla devrilen dev \u00e7am a\u011fac\u0131 karayolunu trafi\u011fe kapad\u0131"},"content":{"rendered":"<p>Ayd\u0131n\u2019\u0131n Nazilli il\u00e7esinde Bozdo\u011fan-Nazilli karayoluna devrilen b\u00fcy\u00fck bir \u00e7am a\u011fac\u0131 yolu kapatt\u0131. Devrilen a\u011fac\u0131 ekipler k\u0131sa s\u00fcrede par\u00e7alara ay\u0131rarak yolu trafi\u011fe a\u00e7t\u0131.<br \/>\n<br \/>Nazilli\u2019ye ba\u011fl\u0131 S\u00fcmer Mahallesi \u00fczerindeki Bozdo\u011fan-Nazilli Karayolu S\u00fcmerpark\u2019ta bulunan \u00e7am a\u011fac\u0131 f\u0131rt\u0131nada karayoluna devrildi. Trafi\u011fin yo\u011fun olmas\u0131na ra\u011fmen olayda kimsenin zarar g\u00f6rmemesi sevindirdi.<br \/>\n<br \/>\u0130hbar \u00fczerine olay yerine gelen ekipler yolu her iki taraftan trafi\u011fe kapatarak motorlu testereler ve i\u015f makinalar\u0131 ile devrilen \u00e7am a\u011fac\u0131n\u0131 par\u00e7alar\u0131na ay\u0131rarak yolu tekrar trafi\u011fe a\u00e7t\u0131. Ayd\u0131n B\u00fcy\u00fck\u015fehir Belediyesi Park ve Bah\u00e7eler Daire Ba\u015fkanl\u0131\u011f\u0131 ekiplerinin h\u0131zl\u0131 \u015fekilde m\u00fcdahalesi ile herhangi bir s\u0131k\u0131nt\u0131 ya\u015fanmadan trafi\u011fe a\u00e7\u0131lan yolda devrilen a\u011fac\u0131n kimseye zarar vermemesi teselli kayna\u011f\u0131 oldu. \u00d6te yandan S\u00fcmerpark i\u00e7erisinde bulunan ve her biri yakla\u015f\u0131k 100 y\u0131ll\u0131k olan a\u011fa\u00e7lar\u0131n tehlike sa\u00e7anlar\u0131n\u0131n kald\u0131r\u0131lmas\u0131 istendi.<br \/><\/p>\n","protected":false},"excerpt":{"rendered":"<p>Ayd\u0131n\u2019\u0131n Nazilli il\u00e7esinde Bozdo\u011fan-Nazilli karayoluna devrilen b\u00fcy\u00fck bir \u00e7am a\u011fac\u0131 yolu kapatt\u0131. Devrilen a\u011fac\u0131 ekipler k\u0131sa s\u00fcrede par\u00e7alara ay\u0131rarak yolu trafi\u011fe a\u00e7t\u0131. Nazilli\u2019ye ba\u011fl\u0131 S\u00fcmer Mahallesi \u00fczerindeki Bozdo\u011fan-Nazilli Karayolu S\u00fcmerpark\u2019ta bulunan \u00e7am a\u011fac\u0131 f\u0131rt\u0131nada karayoluna devrildi. Trafi\u011fin yo\u011fun olmas\u0131na ra\u011fmen olayda kimsenin zarar g\u00f6rmemesi sevindirdi. \u0130hbar \u00fczerine olay yerine gelen ekipler yolu her iki taraftan&#8230;<\/p>\n","protected":false},"author":1,"featured_media":88830,"comment_status":"open","ping_status":"open","sticky":false,"template":"","format":"standard","meta":{"_crdt_document":"","footnotes":""},"categories":[5],"tags":[],"class_list":["post-88829","post","type-post","status-publish","format-standard","has-post-thumbnail","hentry","category-asayis"],"_links":{"self":[{"href":"https:\/\/www.egemtv.com\/index.php?rest_route=\/wp\/v2\/posts\/88829","targetHints":{"allow":["GET"]}}],"collection":[{"href":"https:\/\/www.egemtv.com\/index.php?rest_route=\/wp\/v2\/posts"}],"about":[{"href":"https:\/\/www.egemtv.com\/index.php?rest_route=\/wp\/v2\/types\/post"}],"author":[{"embeddable":true,"href":"https:\/\/www.egemtv.com\/index.php?rest_route=\/wp\/v2\/users\/1"}],"replies":[{"embeddable":true,"href":"https:\/\/www.egemtv.com\/index.php?rest_route=%2Fwp%2Fv2%2Fcomments&post=88829"}],"version-history":[{"count":1,"href":"https:\/\/www.egemtv.com\/index.php?rest_route=\/wp\/v2\/posts\/88829\/revisions"}],"predecessor-version":[{"id":88831,"href":"https:\/\/www.egemtv.com\/index.php?rest_route=\/wp\/v2\/posts\/88829\/revisions\/88831"}],"wp:featuredmedia":[{"embeddable":true,"href":"https:\/\/www.egemtv.com\/index.php?rest_route=\/wp\/v2\/media\/88830"}],"wp:attachment":[{"href":"https:\/\/www.egemtv.com\/index.php?rest_route=%2Fwp%2Fv2%2Fmedia&parent=88829"}],"wp:term":[{"taxonomy":"category","embeddable":true,"href":"https:\/\/www.egemtv.com\/index.php?rest_route=%2Fwp%2Fv2%2Fcategories&post=88829"},{"taxonomy":"post_tag","embeddable":true,"href":"https:\/\/www.egemtv.com\/index.php?rest_route=%2Fwp%2Fv2%2Ftags&post=88829"}],"curies":[{"name":"wp","href":"https:\/\/api.w.org\/{rel}","templated":true}]}}