{"id":88826,"date":"2026-02-18T17:14:52","date_gmt":"2026-02-18T14:14:52","guid":{"rendered":"https:\/\/www.egemtv.com\/?p=88826"},"modified":"2026-02-18T17:14:53","modified_gmt":"2026-02-18T14:14:53","slug":"ramazan-sokagina-yogun-ilgi","status":"publish","type":"post","link":"https:\/\/www.egemtv.com\/?p=88826","title":{"rendered":"Ramazan Soka\u011f\u0131na yo\u011fun ilgi"},"content":{"rendered":"<p>Manisa \u015eehzadeler Arif \u00c7eler K\u0131z Anadolu \u0130mam Hatip Lisesi taraf\u0131ndan Ramazan ay\u0131n\u0131n manevi atmosferini ya\u015fatmak ve geleneksel de\u011ferleri gelecek nesillere aktarmak amac\u0131yla haz\u0131rlanan &#8220;Ramazan Soka\u011f\u0131&#8221; projesi d\u00fczenlenen t\u00f6renle a\u00e7\u0131ld\u0131. Osmanl\u0131 macunundan di\u015f kiras\u0131na, Karag\u00f6z-Hacivat g\u00f6sterilerinden mukabele k\u00f6\u015fesine kadar bir\u00e7ok detay\u0131n yer ald\u0131\u011f\u0131 tematik sokak ziyaret\u00e7ilerden tam not ald\u0131.<br \/>\n<br \/>Manisa \u015eehzadeler Arif \u00c7eler K\u0131z Anadolu \u0130mam Hatip Lisesi, Ramazan ay\u0131n\u0131n birlik, beraberlik ve maneviyat iklimini \u00f6\u011frencilerine ya\u015fatmak amac\u0131yla hayata ge\u00e7irdi\u011fi &#8220;Ramazan Soka\u011f\u0131&#8221; projesinin a\u00e7\u0131l\u0131\u015f\u0131n\u0131 g\u00f6rkemli bir t\u00f6renle ger\u00e7ekle\u015ftirdi.<br \/>\n<br \/>A\u00e7\u0131l\u0131\u015f program\u0131na Manisa \u0130l Milli E\u011fitim M\u00fcd\u00fcr\u00fc Mehmet U\u011furelli, \u0130l M\u00fcft\u00fcs\u00fc \u015e\u00fckr\u00fc Kabuk\u00e7u, Memur-Sen Manisa \u0130l Temsilcisi ve E\u011fitim-Bir-Sen Manisa 1 Nolu \u015eube Ba\u015fkan\u0131 Ahmet Yasav, il\u00e7e protokol\u00fc, e\u011fitimciler, veliler ve \u00e7ok say\u0131da davetli kat\u0131ld\u0131.<\/p>\n<p>Maniler ve ilahilerle kar\u015f\u0131land\u0131lar<br \/>\n<br \/>Etkinlik, Ramazan davulcusunun seslendirdi\u011fi maniler e\u015fli\u011finde misafirlerin kar\u015f\u0131lanmas\u0131yla ba\u015flad\u0131. Okul \u00f6\u011frencileri taraf\u0131ndan okunan ilahiler programa huzur dolu anlar ya\u015fat\u0131rken, \u0130l M\u00fcft\u00fcs\u00fc \u015e\u00fckr\u00fc Kabuk\u00e7u\u2019nun yapt\u0131\u011f\u0131 dualar\u0131n ard\u0131ndan Ramazan Soka\u011f\u0131\u2019n\u0131n a\u00e7\u0131l\u0131\u015f kurdelesi kesildi.<\/p>\n<p>Sokakta zaman yolculu\u011fu<br \/>\n<br \/>Okul bah\u00e7esinde kurulan tematik &#8220;Ramazan Soka\u011f\u0131&#8221;, ziyaret\u00e7ileri adeta eski \u0130stanbul ve Manisa Ramazanlar\u0131na g\u00f6t\u00fcrd\u00fc. Sokakta yer alan geleneksel ikram stantlar\u0131nda Osmanl\u0131 macunu ve \u015ferbet da\u011f\u0131t\u0131l\u0131rken, unutulmaya y\u00fcz tutmu\u015f &#8220;Di\u015f Kiras\u0131&#8221; gelene\u011fi de ya\u015fat\u0131ld\u0131.<br \/>\n<br \/>Tezhip ve ebru sanatlar\u0131n\u0131n tan\u0131t\u0131ld\u0131\u011f\u0131 stantlarda uygulamal\u0131 g\u00f6steriler yap\u0131l\u0131rken, &#8220;Manisa\u2019da Tarihte Ramazan Kutlamalar\u0131&#8221; panosuyla \u015fehrin k\u00fclt\u00fcrel haf\u0131zas\u0131 da tazelendi. Mukabele k\u00f6\u015fesi ve dua panolar\u0131 ile Ramazan\u2019\u0131n ibadet y\u00f6n\u00fc \u00f6n plana \u00e7\u0131kar\u0131ld\u0131.<br \/>\n<br \/>Program kapsam\u0131nda sahnelenen Karag\u00f6z ve Hacivat g\u00f6sterileri ise hem \u00f6\u011frencilere hem de davetlilere keyifli anlar ya\u015fatt\u0131.<\/p>\n<p>&#8220;Bu ruhu gelece\u011fe ta\u015f\u0131mak istiyoruz&#8221;<br \/>\n<br \/>Okul y\u00f6netimi taraf\u0131ndan yap\u0131lan a\u00e7\u0131klamada etkinli\u011fin temel amac\u0131n\u0131n, \u00f6\u011frencilerin Ramazan ay\u0131n\u0131 sadece bir ibadet d\u00f6nemi olarak de\u011fil; yard\u0131mla\u015fma, nezaket ve k\u00fclt\u00fcr ay\u0131 olarak da idrak etmelerini sa\u011flamak oldu\u011fu vurguland\u0131. A\u00e7\u0131klamada, &#8220;Gen\u00e7lerimizin milli ve manevi de\u011ferlerimizi ya\u015fayarak \u00f6\u011frenmesi ve bu ruhu gelecek nesillere aktarmas\u0131 en b\u00fcy\u00fck gayemizdir&#8221; ifadelerine yer verildi.<br \/><\/p>\n","protected":false},"excerpt":{"rendered":"<p>Manisa \u015eehzadeler Arif \u00c7eler K\u0131z Anadolu \u0130mam Hatip Lisesi taraf\u0131ndan Ramazan ay\u0131n\u0131n manevi atmosferini ya\u015fatmak ve geleneksel de\u011ferleri gelecek nesillere aktarmak amac\u0131yla haz\u0131rlanan &#8220;Ramazan Soka\u011f\u0131&#8221; projesi d\u00fczenlenen t\u00f6renle a\u00e7\u0131ld\u0131. Osmanl\u0131 macunundan di\u015f kiras\u0131na, Karag\u00f6z-Hacivat g\u00f6sterilerinden mukabele k\u00f6\u015fesine kadar bir\u00e7ok detay\u0131n yer ald\u0131\u011f\u0131 tematik sokak ziyaret\u00e7ilerden tam not ald\u0131. Manisa \u015eehzadeler Arif \u00c7eler K\u0131z Anadolu \u0130mam&#8230;<\/p>\n","protected":false},"author":1,"featured_media":88827,"comment_status":"open","ping_status":"open","sticky":false,"template":"","format":"standard","meta":{"_crdt_document":"","footnotes":""},"categories":[1],"tags":[],"class_list":["post-88826","post","type-post","status-publish","format-standard","has-post-thumbnail","hentry","category-guncel"],"_links":{"self":[{"href":"https:\/\/www.egemtv.com\/index.php?rest_route=\/wp\/v2\/posts\/88826","targetHints":{"allow":["GET"]}}],"collection":[{"href":"https:\/\/www.egemtv.com\/index.php?rest_route=\/wp\/v2\/posts"}],"about":[{"href":"https:\/\/www.egemtv.com\/index.php?rest_route=\/wp\/v2\/types\/post"}],"author":[{"embeddable":true,"href":"https:\/\/www.egemtv.com\/index.php?rest_route=\/wp\/v2\/users\/1"}],"replies":[{"embeddable":true,"href":"https:\/\/www.egemtv.com\/index.php?rest_route=%2Fwp%2Fv2%2Fcomments&post=88826"}],"version-history":[{"count":1,"href":"https:\/\/www.egemtv.com\/index.php?rest_route=\/wp\/v2\/posts\/88826\/revisions"}],"predecessor-version":[{"id":88828,"href":"https:\/\/www.egemtv.com\/index.php?rest_route=\/wp\/v2\/posts\/88826\/revisions\/88828"}],"wp:featuredmedia":[{"embeddable":true,"href":"https:\/\/www.egemtv.com\/index.php?rest_route=\/wp\/v2\/media\/88827"}],"wp:attachment":[{"href":"https:\/\/www.egemtv.com\/index.php?rest_route=%2Fwp%2Fv2%2Fmedia&parent=88826"}],"wp:term":[{"taxonomy":"category","embeddable":true,"href":"https:\/\/www.egemtv.com\/index.php?rest_route=%2Fwp%2Fv2%2Fcategories&post=88826"},{"taxonomy":"post_tag","embeddable":true,"href":"https:\/\/www.egemtv.com\/index.php?rest_route=%2Fwp%2Fv2%2Ftags&post=88826"}],"curies":[{"name":"wp","href":"https:\/\/api.w.org\/{rel}","templated":true}]}}