{"id":88823,"date":"2026-02-18T17:14:51","date_gmt":"2026-02-18T14:14:51","guid":{"rendered":"https:\/\/www.egemtv.com\/?p=88823"},"modified":"2026-02-18T17:14:52","modified_gmt":"2026-02-18T14:14:52","slug":"kuyum-atolyesini-su-basan-is-yeri-sahibi-gozac-belediye-gecmis-olsun-bile-demedi","status":"publish","type":"post","link":"https:\/\/www.egemtv.com\/?p=88823","title":{"rendered":"Kuyum at\u00f6lyesini su basan i\u015f yeri sahibi G\u00f6za\u00e7: &#8220;Belediye ge\u00e7mi\u015f olsun bile demedi\u2019"},"content":{"rendered":"<p>Mu\u011fla\u2019n\u0131n Marmaris il\u00e7esinde, Marmaris Belediyesi taraf\u0131ndan Tepe Mahallesi 55.sokakta  kapal\u0131 \u00e7ar\u015f\u0131 olarak bilinen mevkide  y\u00fcr\u00fct\u00fclen \u00fcst a\u00e7ma ve altyap\u0131 \u00e7al\u0131\u015fmalar\u0131 s\u0131ras\u0131nda bir i\u015f yerini su bast\u0131.  Kuyum at\u00f6lyesi i\u015fletmecisi Mehmet G\u00f6za\u00e7, \u00e7al\u0131\u015fma esnas\u0131nda su gideri borusunun k\u0131r\u0131ld\u0131\u011f\u0131n\u0131 ve gerekli onar\u0131m yap\u0131lmadan \u00fczerinin kapat\u0131ld\u0131\u011f\u0131n\u0131 iddia ederek \u2018 bizim g\u00fcnah\u0131m\u0131z ne, belediye bir ge\u00e7mi\u015f olsun bile demedi\u2019 diye a\u00e7\u0131klamada bulundu.<\/p>\n<p>Bir kuyum tamir at\u00f6lyesi i\u015fletmecisi Mehmet G\u00f6za\u00e7, d\u00fcn ak\u015fam saatlerinde i\u015f yerine gelince su bast\u0131\u011f\u0131n\u0131 g\u00f6rd\u00fc\u011f\u00fcn\u00fc ve sebebinin ise d\u00fckkan\u0131n\u0131n \u00f6n\u00fcndeki su gideri borusunun altyap\u0131 \u00e7al\u0131\u015fmas\u0131 s\u0131ras\u0131nda k\u0131r\u0131ld\u0131\u011f\u0131n\u0131 belirterek  &#8220;D\u00fckkan\u0131n \u00f6n\u00fcnde su giderinin borusunu k\u0131r\u0131yorlar sonra tamir etmeden \u00fczerini kapat\u0131yorlar. Belediye \u00e7al\u0131\u015fan\u0131n\u0131n bize anlatt\u0131\u011f\u0131 bu. Oradan su gitmeyince benim su giderimin oldu\u011fu yerde geri veriyor ve su aka aka d\u00fckkan\u0131m\u0131n i\u00e7ine geliyor&#8221; iddias\u0131nda bulundu.<\/p>\n<p>Bir g\u00fcn \u00f6nce ak\u015fam saatleri s\u0131ralar\u0131nda d\u00fckkana unuttu\u011fu bir malzemeyi almak i\u00e7in geldi\u011fini anlatan G\u00f6za\u00e7, &#8220;\u0130\u00e7eri girer girmez aya\u011f\u0131mdan su gelmeye ba\u015flad\u0131. \u00d6nce ba\u015fka yerden girdi sand\u0131m ama lavabomdan sular gelmeye ba\u015flad\u0131. Gitmeyen su logar ve ya\u011fmur suyuyla birle\u015fip lavabodan ta\u015fm\u0131\u015f. Hepsini g\u00fcvenlik kameralar\u0131na ald\u0131m, gerekli \u015fikayetleri yapaca\u011f\u0131m&#8221; ifadelerini kulland\u0131.<\/p>\n<p>55. sokakta bulunan i\u015fyerinde mobilyalar\u0131n ve makinelerin zarar g\u00f6rd\u00fc\u011f\u00fcn\u00fc ifade eden G\u00f6za\u00e7, \u00f6zellikle elektronik makinelerin pedallar\u0131n\u0131n \u0131sland\u0131\u011f\u0131n\u0131 s\u00f6yledi. At\u00f6lyede biriken alt\u0131n tozlar\u0131n\u0131n da suyla birlikte kayboldu\u011funu belirten G\u00f6za\u00e7, &#8220;Ben kuyum at\u00f6lyesiyim, normalde yerlerim hep alt\u0131n tozuydu. Hepsi gitti. Yakla\u015f\u0131k 100- 150 bin liral\u0131k alt\u0131n tozum gitti&#8221; dedi.<\/p>\n<p>&#8220;Biraz su \u00e7ekip gittiler&#8221;<br \/>\n<br \/>Sabah saatlerinde vidanj\u00f6rle suyun \u00e7ekilmeye \u00e7al\u0131\u015f\u0131ld\u0131\u011f\u0131n\u0131 ancak sorunun tamamen \u00e7\u00f6z\u00fclmedi\u011fini iddia eden G\u00f6za\u00e7, &#8220;Kamera kay\u0131tlar\u0131m\u0131z da var. Suyu bitiremiyorlar, \u2018Buraya 10 vidanj\u00f6r gelmesi laz\u0131m\u2019 diyorlar. Benim su\u00e7um ne? O zaman 10 vidanj\u00f6r getirin. Benim d\u00fckkan\u0131mdaki zarar ne olacak? Biraz su \u00e7ekip gittiler, yine ayn\u0131 yeri kapat\u0131p hi\u00e7bir \u015fey yapmad\u0131lar&#8221; diye konu\u015ftu.<\/p>\n<p>&#8220;Kimse gelmedi&#8221;<br \/>\n<br \/>Ekiplerin sorunu kal\u0131c\u0131 olarak \u00e7\u00f6zmeden ayr\u0131ld\u0131\u011f\u0131n\u0131 savunarak, &#8220;\u015eimdi ya\u011fmur ya\u011farsa yine burada bekleyece\u011fim&#8221; diyen G\u00f6za\u00e7, i\u015f kayb\u0131 ya\u015fad\u0131\u011f\u0131n\u0131 ve makinelerinin \u00e7al\u0131\u015f\u0131p \u00e7al\u0131\u015fmayaca\u011f\u0131n\u0131n belirsiz oldu\u011funu dile getirdi.<\/p>\n<p>\u2018Biz \u00e7ar\u015f\u0131 a\u00e7\u0131lmas\u0131n demedik \u2018<br \/>\n<br \/>Kapal\u0131 \u00e7ar\u015f\u0131daki \u00e7al\u0131\u015fmalar\u0131n ayn\u0131 anda birden fazla noktada y\u00fcr\u00fct\u00fcld\u00fc\u011f\u00fcn\u00fc belirten G\u00f6za\u00e7, &#8220;Yukar\u0131s\u0131 a\u00e7\u0131ls\u0131n demedik ama bir soka\u011f\u0131 komple a\u00e7t\u0131n\u0131z. Buralar\u0131n yeti\u015fmeyece\u011fi belliydi. Ke\u015fke s\u0131rayla gitseydiniz. Zaten i\u015f olmuyor, esnaf gelemiyor. \u0130\u015f kayb\u0131m var&#8221; dedi.<\/p>\n<p>\u0130\u015f yerinin ikinci kez su bask\u0131n\u0131na maruz kald\u0131\u011f\u0131n\u0131 belirten G\u00f6za\u00e7, &#8220;Partizanl\u0131k yapm\u0131yoruz. Sadece bizi ezmesinler, bizi g\u00f6rs\u00fcnler istiyorum. Su bast\u0131\u011f\u0131nda belediye nerede? Gelip bir \u2018Ge\u00e7mi\u015f olsun\u2019 demek \u00e7ok mu zor?&#8221; s\u00f6zleriyle tepkisini dile getirdi.<\/p>\n<p>\u2018Sava\u015f alan\u0131 gibi \u2018<br \/>\n<br \/>O sokakta ya\u015fayan vatanda\u015flarda, \u2018Evlerimize gidip gelirken adeta \u00e7amura bat\u0131yoruz, \u00f6zellikle ak\u015fam saatlerinde malzemeleri a\u00e7\u0131kta b\u0131rakmas\u0131nlar, borular ciddi tehlike olu\u015fturuyor\u2019 ifadeleri ile yetkililere duyurmak istediklerini belirttiler.<br \/><\/p>\n","protected":false},"excerpt":{"rendered":"<p>Mu\u011fla\u2019n\u0131n Marmaris il\u00e7esinde, Marmaris Belediyesi taraf\u0131ndan Tepe Mahallesi 55.sokakta kapal\u0131 \u00e7ar\u015f\u0131 olarak bilinen mevkide y\u00fcr\u00fct\u00fclen \u00fcst a\u00e7ma ve altyap\u0131 \u00e7al\u0131\u015fmalar\u0131 s\u0131ras\u0131nda bir i\u015f yerini su bast\u0131. Kuyum at\u00f6lyesi i\u015fletmecisi Mehmet G\u00f6za\u00e7, \u00e7al\u0131\u015fma esnas\u0131nda su gideri borusunun k\u0131r\u0131ld\u0131\u011f\u0131n\u0131 ve gerekli onar\u0131m yap\u0131lmadan \u00fczerinin kapat\u0131ld\u0131\u011f\u0131n\u0131 iddia ederek \u2018 bizim g\u00fcnah\u0131m\u0131z ne, belediye bir ge\u00e7mi\u015f olsun bile demedi\u2019&#8230;<\/p>\n","protected":false},"author":1,"featured_media":88824,"comment_status":"open","ping_status":"open","sticky":false,"template":"","format":"standard","meta":{"_crdt_document":"","footnotes":""},"categories":[1],"tags":[],"class_list":["post-88823","post","type-post","status-publish","format-standard","has-post-thumbnail","hentry","category-guncel"],"_links":{"self":[{"href":"https:\/\/www.egemtv.com\/index.php?rest_route=\/wp\/v2\/posts\/88823","targetHints":{"allow":["GET"]}}],"collection":[{"href":"https:\/\/www.egemtv.com\/index.php?rest_route=\/wp\/v2\/posts"}],"about":[{"href":"https:\/\/www.egemtv.com\/index.php?rest_route=\/wp\/v2\/types\/post"}],"author":[{"embeddable":true,"href":"https:\/\/www.egemtv.com\/index.php?rest_route=\/wp\/v2\/users\/1"}],"replies":[{"embeddable":true,"href":"https:\/\/www.egemtv.com\/index.php?rest_route=%2Fwp%2Fv2%2Fcomments&post=88823"}],"version-history":[{"count":1,"href":"https:\/\/www.egemtv.com\/index.php?rest_route=\/wp\/v2\/posts\/88823\/revisions"}],"predecessor-version":[{"id":88825,"href":"https:\/\/www.egemtv.com\/index.php?rest_route=\/wp\/v2\/posts\/88823\/revisions\/88825"}],"wp:featuredmedia":[{"embeddable":true,"href":"https:\/\/www.egemtv.com\/index.php?rest_route=\/wp\/v2\/media\/88824"}],"wp:attachment":[{"href":"https:\/\/www.egemtv.com\/index.php?rest_route=%2Fwp%2Fv2%2Fmedia&parent=88823"}],"wp:term":[{"taxonomy":"category","embeddable":true,"href":"https:\/\/www.egemtv.com\/index.php?rest_route=%2Fwp%2Fv2%2Fcategories&post=88823"},{"taxonomy":"post_tag","embeddable":true,"href":"https:\/\/www.egemtv.com\/index.php?rest_route=%2Fwp%2Fv2%2Ftags&post=88823"}],"curies":[{"name":"wp","href":"https:\/\/api.w.org\/{rel}","templated":true}]}}