{"id":88820,"date":"2026-02-18T16:55:06","date_gmt":"2026-02-18T13:55:06","guid":{"rendered":"https:\/\/www.egemtv.com\/?p=88820"},"modified":"2026-02-18T16:55:07","modified_gmt":"2026-02-18T13:55:07","slug":"kazada-agir-yaralanan-genc-5-gunluk-yasam-mucadelesini-kaybetti","status":"publish","type":"post","link":"https:\/\/www.egemtv.com\/?p=88820","title":{"rendered":"Kazada a\u011f\u0131r yaralanan gen\u00e7 5 g\u00fcnl\u00fck ya\u015fam m\u00fccadelesini kaybetti"},"content":{"rendered":"<p>Burdur\u2019da otomobille \u00e7arp\u0131\u015fan motosiklette yolcu konumundaki 28 ya\u015f\u0131ndaki gen\u00e7 5 g\u00fcn sonra tedavi g\u00f6rd\u00fc\u011f\u00fc hastanede hayat\u0131n\u0131 kaybetti.  Olay, 12 \u015eubat ak\u015fam saatlerinde Yeni Mahalle Meteoroloji Sokak\u2019ta meydana geldi. Edinilen bilgiye g\u00f6re, K.K. idaresindeki 15 AEK 491 plakal\u0131 otomobil ile M.K. idaresindeki 06 AD 0373 plakal\u0131 motosiklet \u00e7arp\u0131\u015ft\u0131. Kazada motosiklet s\u00fcr\u00fcc\u00fcs\u00fc ve yan\u0131ndaki Can S\u0131r (28) yaraland\u0131. \u0130hbar \u00fczerine adrese sa\u011fl\u0131k ve polis ekipleri sevk edildi. Yaral\u0131lar sa\u011fl\u0131k ekiplerince yap\u0131lan ilk m\u00fcdahalenin ard\u0131ndan ambulanslarla Burdur Devlet Hastanesine kald\u0131r\u0131larak tedavi alt\u0131na al\u0131nd\u0131. Kazada a\u011f\u0131r yaralanan Can S\u0131r, 5 g\u00fcn sonra burada yap\u0131lan t\u00fcm m\u00fcdahalelere ra\u011fmen kurtar\u0131lmayarak hayat\u0131n\u0131 kaybetti. S\u0131r\u2019\u0131n cenazesi memleketi Ye\u015filova il\u00e7esi \u00d6rencik k\u00f6y\u00fcnde g\u00f6zya\u015flar\u0131 ile topra\u011fa verildi.<br \/><\/p>\n","protected":false},"excerpt":{"rendered":"<p>Burdur\u2019da otomobille \u00e7arp\u0131\u015fan motosiklette yolcu konumundaki 28 ya\u015f\u0131ndaki gen\u00e7 5 g\u00fcn sonra tedavi g\u00f6rd\u00fc\u011f\u00fc hastanede hayat\u0131n\u0131 kaybetti. Olay, 12 \u015eubat ak\u015fam saatlerinde Yeni Mahalle Meteoroloji Sokak\u2019ta meydana geldi. Edinilen bilgiye g\u00f6re, K.K. idaresindeki 15 AEK 491 plakal\u0131 otomobil ile M.K. idaresindeki 06 AD 0373 plakal\u0131 motosiklet \u00e7arp\u0131\u015ft\u0131. Kazada motosiklet s\u00fcr\u00fcc\u00fcs\u00fc ve yan\u0131ndaki Can S\u0131r (28)&#8230;<\/p>\n","protected":false},"author":1,"featured_media":88821,"comment_status":"open","ping_status":"open","sticky":false,"template":"","format":"standard","meta":{"_crdt_document":"","footnotes":""},"categories":[5],"tags":[],"class_list":["post-88820","post","type-post","status-publish","format-standard","has-post-thumbnail","hentry","category-asayis"],"_links":{"self":[{"href":"https:\/\/www.egemtv.com\/index.php?rest_route=\/wp\/v2\/posts\/88820","targetHints":{"allow":["GET"]}}],"collection":[{"href":"https:\/\/www.egemtv.com\/index.php?rest_route=\/wp\/v2\/posts"}],"about":[{"href":"https:\/\/www.egemtv.com\/index.php?rest_route=\/wp\/v2\/types\/post"}],"author":[{"embeddable":true,"href":"https:\/\/www.egemtv.com\/index.php?rest_route=\/wp\/v2\/users\/1"}],"replies":[{"embeddable":true,"href":"https:\/\/www.egemtv.com\/index.php?rest_route=%2Fwp%2Fv2%2Fcomments&post=88820"}],"version-history":[{"count":1,"href":"https:\/\/www.egemtv.com\/index.php?rest_route=\/wp\/v2\/posts\/88820\/revisions"}],"predecessor-version":[{"id":88822,"href":"https:\/\/www.egemtv.com\/index.php?rest_route=\/wp\/v2\/posts\/88820\/revisions\/88822"}],"wp:featuredmedia":[{"embeddable":true,"href":"https:\/\/www.egemtv.com\/index.php?rest_route=\/wp\/v2\/media\/88821"}],"wp:attachment":[{"href":"https:\/\/www.egemtv.com\/index.php?rest_route=%2Fwp%2Fv2%2Fmedia&parent=88820"}],"wp:term":[{"taxonomy":"category","embeddable":true,"href":"https:\/\/www.egemtv.com\/index.php?rest_route=%2Fwp%2Fv2%2Fcategories&post=88820"},{"taxonomy":"post_tag","embeddable":true,"href":"https:\/\/www.egemtv.com\/index.php?rest_route=%2Fwp%2Fv2%2Ftags&post=88820"}],"curies":[{"name":"wp","href":"https:\/\/api.w.org\/{rel}","templated":true}]}}