{"id":88817,"date":"2026-02-18T16:36:17","date_gmt":"2026-02-18T13:36:17","guid":{"rendered":"https:\/\/www.egemtv.com\/?p=88817"},"modified":"2026-02-18T16:36:18","modified_gmt":"2026-02-18T13:36:18","slug":"muglada-baba-ve-oglunun-hayatini-kaybettigi-cinayette-ilk-durusma-goruldu","status":"publish","type":"post","link":"https:\/\/www.egemtv.com\/?p=88817","title":{"rendered":"Mu\u011fla\u2019da baba ve o\u011flunun hayat\u0131n\u0131 kaybetti\u011fi cinayette ilk duru\u015fma g\u00f6r\u00fcld\u00fc"},"content":{"rendered":"<p>Mu\u011fla\u2019n\u0131n Ortaca il\u00e7esinde baba Menderes A\u015fg\u0131n ile 12 ya\u015f\u0131ndaki o\u011flu K\u0131van\u00e7 A\u015fg\u0131n\u2019\u0131n \u00f6ld\u00fcr\u00fcld\u00fc\u011f\u00fc, anne Nesrin Acar\u2019\u0131n ise yaraland\u0131\u011f\u0131 kan donduran olayla ilgili davan\u0131n ilk duru\u015fmas\u0131 yap\u0131ld\u0131. Mahkemede, annenin &#8220;azmettirici&#8221; olabilece\u011fi iddias\u0131 g\u00fcndeme damga vurdu.<br \/>\n<br \/>Fethiye 3. A\u011f\u0131r Ceza Mahkemesi\u2019nde g\u00f6r\u00fclen duru\u015fmaya, tutuklu san\u0131k G\u00f6ksal Uslu, Ses ve G\u00f6r\u00fcnt\u00fc Bili\u015fim Sistemi (SEGB\u0130S) \u00fczerinden kat\u0131ld\u0131. Duru\u015fma salonunda maktul yak\u0131nlar\u0131 ve taraf avukatlar\u0131 haz\u0131r bulunurken, olayda yaralanan Nesrin Acar ise davaya kat\u0131lmad\u0131.<br \/>\n<br \/>\u0130ddianameye yans\u0131yan detaylara g\u00f6re, Ortaca il\u00e7esi Terzialiler Mahallesi\u2019nde meydana gelen olayda san\u0131k G\u00f6ksal Uslu, Menderes A\u015fg\u0131n ve Nesrin Acar ile bulundu\u011fu s\u0131rada \u00e7\u0131kan tart\u0131\u015fmada b\u0131\u00e7akla sald\u0131rd\u0131. Baba Menderes A\u015fg\u0131n olay yerinde hayat\u0131n\u0131 kaybederken, san\u0131\u011f\u0131n o s\u0131rada 112 Acil \u00c7a\u011fr\u0131 Merkezi\u2019ni arayarak yard\u0131m isteyen 12 ya\u015f\u0131ndaki K\u0131van\u00e7 A\u015fg\u0131n\u2019\u0131 da engelleyerek b\u0131\u00e7akla \u00f6ld\u00fcrd\u00fc\u011f\u00fc belirlendi.<br \/>\n<br \/>Menderes ve Nesrin\u2019in b\u00fcy\u00fck o\u011flu m\u00fc\u015fteki \u0130brahim A\u015fg\u0131n\u2019\u0131n avukat\u0131 Sibel Polat, mahkemede yapt\u0131\u011f\u0131 savunmada olay\u0131n seyrini de\u011fi\u015ftirecek bir iddiada bulundu. Nesrin Acar\u2019\u0131n ma\u011fdur s\u0131fat\u0131yla de\u011fil, san\u0131k olarak yarg\u0131lanmas\u0131 gerekti\u011fini savunan Polat \u015funlar\u0131 s\u00f6yledi:<br \/>\n<br \/>&#8220;M\u00fcvekkilimiz de annesinden \u015fikayet\u00e7idir. Nesrin Acar\u2019\u0131n san\u0131k G\u00f6ksal Uslu ile bir ileti\u015fimi oldu\u011funu ve bu cinayetin birlikte planland\u0131\u011f\u0131n\u0131 d\u00fc\u015f\u00fcn\u00fcyoruz. Nesrin Acar kocas\u0131ndan nefret eden, onu s\u00fcrekli k\u00fc\u00e7\u00fck d\u00fc\u015f\u00fcren biridir. Bu olay\u0131n azmettiricisinin o oldu\u011funa inan\u0131yoruz. Bu nedenle geriye d\u00f6n\u00fck HTS kay\u0131tlar\u0131n\u0131n \u00e7\u0131kar\u0131lmas\u0131n\u0131 talep ediyoruz.&#8221;<br \/>\n<br \/>San\u0131k G\u00f6ksal Uslu, bir sonraki duru\u015fmada mahkeme heyetinin kar\u015f\u0131s\u0131na bizzat \u00e7\u0131karak ifade vermek istedi\u011fini beyan etti. Mahkeme heyeti, san\u0131\u011f\u0131n tutukluluk halinin devam\u0131na, iddialar\u0131n ara\u015ft\u0131r\u0131lmas\u0131 i\u00e7in HTS kay\u0131tlar\u0131n\u0131n incelenmesine karar vererek duru\u015fmay\u0131 erteledi.<br \/><\/p>\n","protected":false},"excerpt":{"rendered":"<p>Mu\u011fla\u2019n\u0131n Ortaca il\u00e7esinde baba Menderes A\u015fg\u0131n ile 12 ya\u015f\u0131ndaki o\u011flu K\u0131van\u00e7 A\u015fg\u0131n\u2019\u0131n \u00f6ld\u00fcr\u00fcld\u00fc\u011f\u00fc, anne Nesrin Acar\u2019\u0131n ise yaraland\u0131\u011f\u0131 kan donduran olayla ilgili davan\u0131n ilk duru\u015fmas\u0131 yap\u0131ld\u0131. Mahkemede, annenin &#8220;azmettirici&#8221; olabilece\u011fi iddias\u0131 g\u00fcndeme damga vurdu. Fethiye 3. A\u011f\u0131r Ceza Mahkemesi\u2019nde g\u00f6r\u00fclen duru\u015fmaya, tutuklu san\u0131k G\u00f6ksal Uslu, Ses ve G\u00f6r\u00fcnt\u00fc Bili\u015fim Sistemi (SEGB\u0130S) \u00fczerinden kat\u0131ld\u0131. Duru\u015fma salonunda&#8230;<\/p>\n","protected":false},"author":1,"featured_media":88818,"comment_status":"open","ping_status":"open","sticky":false,"template":"","format":"standard","meta":{"_crdt_document":"","footnotes":""},"categories":[5],"tags":[],"class_list":["post-88817","post","type-post","status-publish","format-standard","has-post-thumbnail","hentry","category-asayis"],"_links":{"self":[{"href":"https:\/\/www.egemtv.com\/index.php?rest_route=\/wp\/v2\/posts\/88817","targetHints":{"allow":["GET"]}}],"collection":[{"href":"https:\/\/www.egemtv.com\/index.php?rest_route=\/wp\/v2\/posts"}],"about":[{"href":"https:\/\/www.egemtv.com\/index.php?rest_route=\/wp\/v2\/types\/post"}],"author":[{"embeddable":true,"href":"https:\/\/www.egemtv.com\/index.php?rest_route=\/wp\/v2\/users\/1"}],"replies":[{"embeddable":true,"href":"https:\/\/www.egemtv.com\/index.php?rest_route=%2Fwp%2Fv2%2Fcomments&post=88817"}],"version-history":[{"count":1,"href":"https:\/\/www.egemtv.com\/index.php?rest_route=\/wp\/v2\/posts\/88817\/revisions"}],"predecessor-version":[{"id":88819,"href":"https:\/\/www.egemtv.com\/index.php?rest_route=\/wp\/v2\/posts\/88817\/revisions\/88819"}],"wp:featuredmedia":[{"embeddable":true,"href":"https:\/\/www.egemtv.com\/index.php?rest_route=\/wp\/v2\/media\/88818"}],"wp:attachment":[{"href":"https:\/\/www.egemtv.com\/index.php?rest_route=%2Fwp%2Fv2%2Fmedia&parent=88817"}],"wp:term":[{"taxonomy":"category","embeddable":true,"href":"https:\/\/www.egemtv.com\/index.php?rest_route=%2Fwp%2Fv2%2Fcategories&post=88817"},{"taxonomy":"post_tag","embeddable":true,"href":"https:\/\/www.egemtv.com\/index.php?rest_route=%2Fwp%2Fv2%2Ftags&post=88817"}],"curies":[{"name":"wp","href":"https:\/\/api.w.org\/{rel}","templated":true}]}}