{"id":88814,"date":"2026-02-18T16:36:16","date_gmt":"2026-02-18T13:36:16","guid":{"rendered":"https:\/\/www.egemtv.com\/?p=88814"},"modified":"2026-02-18T16:36:16","modified_gmt":"2026-02-18T13:36:16","slug":"bodrum-belediyesinin-iftar-programlari-basliyor","status":"publish","type":"post","link":"https:\/\/www.egemtv.com\/?p=88814","title":{"rendered":"Bodrum Belediyesi\u2019nin iftar programlar\u0131 ba\u015fl\u0131yor"},"content":{"rendered":"<p>Bodrum Belediyesi taraf\u0131ndan geleneksel olarak her y\u0131l d\u00fczenlenen mahalle iftarlar\u0131 ba\u015fl\u0131yor. Mahalle sakinlerini ayn\u0131 sofrada bulu\u015fturan iftarlar\u0131n ilki 19 \u015eubat Per\u015fembe ak\u015fam\u0131 T\u00fcrkb\u00fck\u00fc Mahallesi\u2019nde ger\u00e7ekle\u015fecek.<\/p>\n<p>Bodrum Belediyesi K\u00fclt\u00fcr, Sanat ve Sosyal \u0130\u015fler M\u00fcd\u00fcrl\u00fc\u011f\u00fc taraf\u0131ndan d\u00fczenlenen ve Ramazan ay\u0131 boyunca her g\u00fcn ba\u015fka bir mahallede kurulacak olan iftar sofralar\u0131nda binlerce kent sakini a\u011f\u0131rlanacak. Mahalle iftarlar\u0131n\u0131n ilki T\u00fcrkb\u00fck\u00fc Mahallesi T\u00fcrkb\u00fck\u00fc Kafe yan\u0131nda yap\u0131lacak.<\/p>\n<p>Bodrum Belediye Ba\u015fkan\u0131 Tamer Mandalinci, iftar programlar\u0131 ile ilgili \u015funlar\u0131 s\u00f6yledi: &#8220;Ramazan\u2019\u0131n ruhu olan payla\u015fmay\u0131, mahallelerimizin samimiyetiyle birle\u015ftiriyoruz. Birli\u011fimizi g\u00fc\u00e7lendirmek, karde\u015flik ba\u011flar\u0131m\u0131z\u0131 tazelemek ve dayan\u0131\u015fman\u0131n g\u00fcc\u00fcn\u00fc hep birlikte ya\u015famak ad\u0131na; 19 \u015eubat Per\u015fembe ak\u015fam\u0131 T\u00fcrkb\u00fck\u00fc Mahallemizde kuraca\u011f\u0131m\u0131z ilk iftar sofram\u0131za t\u00fcm mahalle sakinlerimizi bekliyoruz. Hay\u0131rl\u0131 Ramazanlar.&#8221;<\/p>\n<p>\u0130ftar programlar\u0131 ile ilgili duyurular, Bodrum Belediyesi web sitesinden ya da sosyal medya hesaplar\u0131ndan takip edilebilecek.<br \/><\/p>\n","protected":false},"excerpt":{"rendered":"<p>Bodrum Belediyesi taraf\u0131ndan geleneksel olarak her y\u0131l d\u00fczenlenen mahalle iftarlar\u0131 ba\u015fl\u0131yor. Mahalle sakinlerini ayn\u0131 sofrada bulu\u015fturan iftarlar\u0131n ilki 19 \u015eubat Per\u015fembe ak\u015fam\u0131 T\u00fcrkb\u00fck\u00fc Mahallesi\u2019nde ger\u00e7ekle\u015fecek. Bodrum Belediyesi K\u00fclt\u00fcr, Sanat ve Sosyal \u0130\u015fler M\u00fcd\u00fcrl\u00fc\u011f\u00fc taraf\u0131ndan d\u00fczenlenen ve Ramazan ay\u0131 boyunca her g\u00fcn ba\u015fka bir mahallede kurulacak olan iftar sofralar\u0131nda binlerce kent sakini a\u011f\u0131rlanacak. Mahalle iftarlar\u0131n\u0131n ilki&#8230;<\/p>\n","protected":false},"author":1,"featured_media":88815,"comment_status":"open","ping_status":"open","sticky":false,"template":"","format":"standard","meta":{"_crdt_document":"","footnotes":""},"categories":[1],"tags":[],"class_list":["post-88814","post","type-post","status-publish","format-standard","has-post-thumbnail","hentry","category-guncel"],"_links":{"self":[{"href":"https:\/\/www.egemtv.com\/index.php?rest_route=\/wp\/v2\/posts\/88814","targetHints":{"allow":["GET"]}}],"collection":[{"href":"https:\/\/www.egemtv.com\/index.php?rest_route=\/wp\/v2\/posts"}],"about":[{"href":"https:\/\/www.egemtv.com\/index.php?rest_route=\/wp\/v2\/types\/post"}],"author":[{"embeddable":true,"href":"https:\/\/www.egemtv.com\/index.php?rest_route=\/wp\/v2\/users\/1"}],"replies":[{"embeddable":true,"href":"https:\/\/www.egemtv.com\/index.php?rest_route=%2Fwp%2Fv2%2Fcomments&post=88814"}],"version-history":[{"count":1,"href":"https:\/\/www.egemtv.com\/index.php?rest_route=\/wp\/v2\/posts\/88814\/revisions"}],"predecessor-version":[{"id":88816,"href":"https:\/\/www.egemtv.com\/index.php?rest_route=\/wp\/v2\/posts\/88814\/revisions\/88816"}],"wp:featuredmedia":[{"embeddable":true,"href":"https:\/\/www.egemtv.com\/index.php?rest_route=\/wp\/v2\/media\/88815"}],"wp:attachment":[{"href":"https:\/\/www.egemtv.com\/index.php?rest_route=%2Fwp%2Fv2%2Fmedia&parent=88814"}],"wp:term":[{"taxonomy":"category","embeddable":true,"href":"https:\/\/www.egemtv.com\/index.php?rest_route=%2Fwp%2Fv2%2Fcategories&post=88814"},{"taxonomy":"post_tag","embeddable":true,"href":"https:\/\/www.egemtv.com\/index.php?rest_route=%2Fwp%2Fv2%2Ftags&post=88814"}],"curies":[{"name":"wp","href":"https:\/\/api.w.org\/{rel}","templated":true}]}}