{"id":88811,"date":"2026-02-18T16:36:14","date_gmt":"2026-02-18T13:36:14","guid":{"rendered":"https:\/\/www.egemtv.com\/?p=88811"},"modified":"2026-02-18T16:36:15","modified_gmt":"2026-02-18T13:36:15","slug":"nazillide-mahalle-sular-altinda-kaldi-ekipler-aninda-mudahale-etti","status":"publish","type":"post","link":"https:\/\/www.egemtv.com\/?p=88811","title":{"rendered":"Nazilli\u2019de mahalle sular alt\u0131nda kald\u0131, ekipler an\u0131nda m\u00fcdahale etti"},"content":{"rendered":"<p>Ayd\u0131n\u2019\u0131n Nazilli il\u00e7esinde d\u00fcn gece ya\u015fanan sa\u011fanak ya\u011f\u0131\u015f\u0131n ard\u0131ndan mahalleli etraf\u0131 g\u00f6le d\u00f6nm\u00fc\u015f evlerinde uyand\u0131. Sokaklar, bah\u00e7eler ve evlerin bodrumlar\u0131 sular alt\u0131nda kal\u0131rken ihbar \u00fczerine b\u00f6lgeye gelen ekipler vatanda\u015flar\u0131n imdad\u0131na yeti\u015fti.<\/p>\n<p>D\u00fcn gece Nazilli\u2019de ya\u015fanan \u015fiddeti sa\u011fanak ya\u011f\u0131\u015flar nedeniyle baz\u0131 mahallelerde olumsuzluklar ya\u015fand\u0131. \u0130l\u00e7enin g\u00fcneyinde yer alan S\u00fcmer Mahallesi\u2019nde sa\u011fanak ya\u011f\u0131\u015f\u0131n ard\u0131ndan tarlalar, yollar ve evlerin bah\u00e7eleri suyla doldu. \u00c7ok say\u0131da evin bodrumlar\u0131 da suyla dolarken bir evin a\u011f\u0131l\u0131nda bulunan k\u00fc\u00e7\u00fckba\u015f hayvanlardan iki tanesi telef oldu. K\u0131sa s\u00fcre \u00f6nce do\u011fum yapt\u0131klar\u0131 \u00f6\u011frenilen koyunlar\u0131n 2 kuzusu a\u011f\u0131la dolan su nedeniyle telef olurken di\u011fer kuzular\u0131n da etkilendi\u011fi \u00f6\u011frenildi.<\/p>\n<p>\u00d6te yandan S\u00fcmer Mahalle Muhtar\u0131 Talat \u00c7amdeviren ve mahalle sakinlerinin ihbar\u0131 ile Ayd\u0131n B\u00fcy\u00fck\u015fehir Belediyesi ASK\u0130, \u0130tfaiye ve Park Bah\u00e7e M\u00fcd\u00fcrl\u00fc\u011f\u00fc\u2019ne ba\u011fl\u0131 ekipler su bask\u0131n\u0131 ya\u015fanan yerlerde \u00e7al\u0131\u015fma ba\u015flatt\u0131. Ekiplerin m\u00fcdahalesi ile evlerin bodrumlar\u0131na dolan sular tahliye edilirken kanalizasyon sistemleri de kontrol edildi.<\/p>\n<p>Mahalle Muhtar\u0131 Talat \u00c7amdeviren yetkililere seslenerek altyap\u0131 \u00e7al\u0131\u015fmalar\u0131n\u0131n h\u0131zland\u0131r\u0131lmas\u0131n\u0131 istedi. Muhtar \u00c7amdeviren, &#8220;Altyap\u0131m\u0131z yok. Ayd\u0131n B\u00fcy\u00fck\u015fehir Belediyesi ve Nazilli Belediyesi\u2019nden destek istiyoruz. Her ya\u011f\u0131\u015ftan sonra mahallemizin 180 ve 184 numaral\u0131 sokaklar\u0131 sular alt\u0131nda kal\u0131yor. Uzun s\u00fcredir burada ikamet eden vatanda\u015flar\u0131m\u0131z her y\u0131l bu s\u0131k\u0131nt\u0131larla m\u00fccadele ediyor. Ekiplerimiz gelip destek veriyor ve sular\u0131 tahliye diyorlar ama bizler kal\u0131c\u0131 \u00e7\u00f6z\u00fcm istiyoruz&#8221; dedi.<\/p>\n<p>Mahalle sakinleri de yetkililerden destek istedi.<br \/><\/p>\n","protected":false},"excerpt":{"rendered":"<p>Ayd\u0131n\u2019\u0131n Nazilli il\u00e7esinde d\u00fcn gece ya\u015fanan sa\u011fanak ya\u011f\u0131\u015f\u0131n ard\u0131ndan mahalleli etraf\u0131 g\u00f6le d\u00f6nm\u00fc\u015f evlerinde uyand\u0131. Sokaklar, bah\u00e7eler ve evlerin bodrumlar\u0131 sular alt\u0131nda kal\u0131rken ihbar \u00fczerine b\u00f6lgeye gelen ekipler vatanda\u015flar\u0131n imdad\u0131na yeti\u015fti. D\u00fcn gece Nazilli\u2019de ya\u015fanan \u015fiddeti sa\u011fanak ya\u011f\u0131\u015flar nedeniyle baz\u0131 mahallelerde olumsuzluklar ya\u015fand\u0131. \u0130l\u00e7enin g\u00fcneyinde yer alan S\u00fcmer Mahallesi\u2019nde sa\u011fanak ya\u011f\u0131\u015f\u0131n ard\u0131ndan tarlalar, yollar ve&#8230;<\/p>\n","protected":false},"author":1,"featured_media":88812,"comment_status":"open","ping_status":"open","sticky":false,"template":"","format":"standard","meta":{"_crdt_document":"","footnotes":""},"categories":[5],"tags":[],"class_list":["post-88811","post","type-post","status-publish","format-standard","has-post-thumbnail","hentry","category-asayis"],"_links":{"self":[{"href":"https:\/\/www.egemtv.com\/index.php?rest_route=\/wp\/v2\/posts\/88811","targetHints":{"allow":["GET"]}}],"collection":[{"href":"https:\/\/www.egemtv.com\/index.php?rest_route=\/wp\/v2\/posts"}],"about":[{"href":"https:\/\/www.egemtv.com\/index.php?rest_route=\/wp\/v2\/types\/post"}],"author":[{"embeddable":true,"href":"https:\/\/www.egemtv.com\/index.php?rest_route=\/wp\/v2\/users\/1"}],"replies":[{"embeddable":true,"href":"https:\/\/www.egemtv.com\/index.php?rest_route=%2Fwp%2Fv2%2Fcomments&post=88811"}],"version-history":[{"count":1,"href":"https:\/\/www.egemtv.com\/index.php?rest_route=\/wp\/v2\/posts\/88811\/revisions"}],"predecessor-version":[{"id":88813,"href":"https:\/\/www.egemtv.com\/index.php?rest_route=\/wp\/v2\/posts\/88811\/revisions\/88813"}],"wp:featuredmedia":[{"embeddable":true,"href":"https:\/\/www.egemtv.com\/index.php?rest_route=\/wp\/v2\/media\/88812"}],"wp:attachment":[{"href":"https:\/\/www.egemtv.com\/index.php?rest_route=%2Fwp%2Fv2%2Fmedia&parent=88811"}],"wp:term":[{"taxonomy":"category","embeddable":true,"href":"https:\/\/www.egemtv.com\/index.php?rest_route=%2Fwp%2Fv2%2Fcategories&post=88811"},{"taxonomy":"post_tag","embeddable":true,"href":"https:\/\/www.egemtv.com\/index.php?rest_route=%2Fwp%2Fv2%2Ftags&post=88811"}],"curies":[{"name":"wp","href":"https:\/\/api.w.org\/{rel}","templated":true}]}}