{"id":88808,"date":"2026-02-18T16:14:48","date_gmt":"2026-02-18T13:14:48","guid":{"rendered":"https:\/\/www.egemtv.com\/?p=88808"},"modified":"2026-02-18T16:14:49","modified_gmt":"2026-02-18T13:14:49","slug":"denizlinin-ates-savascilarina-yeni-kan","status":"publish","type":"post","link":"https:\/\/www.egemtv.com\/?p=88808","title":{"rendered":"Denizli\u2019nin ate\u015f sava\u015f\u00e7\u0131lar\u0131na yeni kan"},"content":{"rendered":"<p>Denizli B\u00fcy\u00fck\u015fehir Belediye Ba\u015fkan\u0131 B\u00fclent Nuri \u00c7avu\u015fo\u011flu, \u0130tfaiye Dairesi Ba\u015fkanl\u0131\u011f\u0131 b\u00fcnyesinde g\u00f6reve yeni ba\u015flayan 40 itfaiye memuru ile bir araya geldi. \u015eehrin huzur ve g\u00fcvenli\u011fi i\u00e7in canla ba\u015fla \u00e7al\u0131\u015facak olan yeni personelin heyecan\u0131na ortak olan Ba\u015fkan \u00c7avu\u015fo\u011flu, &#8220;Bu kutsal g\u00f6revde her bir arkada\u015f\u0131m\u0131z\u0131n Denizli i\u00e7in b\u00fcy\u00fck bir \u00f6zveriyle \u00e7al\u0131\u015faca\u011f\u0131na inanc\u0131m tamd\u0131r. \u015eehrimiz size emanet&#8221; dedi.<br \/>\n<br \/>Denizli B\u00fcy\u00fck\u015fehir Belediyesi, vatanda\u015flar\u0131n can ve mal g\u00fcvenli\u011fini en \u00fcst d\u00fczeyde sa\u011flamak amac\u0131yla itfaiye te\u015fkilat\u0131n\u0131 gen\u00e7 ve dinamik kadrolarla g\u00fc\u00e7lendirdi. Bu kapsamda 40 yeni itfaiye memuru, ilk kez adil ve \u015feffaf bir s\u0131nav s\u00fcrecinin ard\u0131ndan zorlu bir e\u011fitim s\u00fcrecine ba\u015flad\u0131. Denizli B\u00fcy\u00fck\u015fehir Belediye Ba\u015fkan\u0131 B\u00fclent Nuri \u00c7avu\u015fo\u011flu, d\u00fczenlenen programda yeni itfaiye erleri ile bir araya geldi. Bulu\u015fmada Ba\u015fkan \u00c7avu\u015fo\u011flu\u2019na Genel Sekreter Yard\u0131mc\u0131s\u0131 \u00d6zg\u00fcr Ba\u015fkurt ve \u0130tfaiye Daire Ba\u015fkan\u0131 Murat Ba\u015fl\u0131 da e\u015flik etti.<br \/>\n<br \/>&#8220;Bu g\u00f6rev sorumluluk, fedakarl\u0131k ve cesaret istiyor&#8221;<br \/>\n<br \/>Programda yeni mesai arkada\u015flar\u0131na hitaben bir konu\u015fma ger\u00e7ekle\u015ftiren Ba\u015fkan B\u00fclent Nuri \u00c7avu\u015fo\u011flu, &#8220;\u0130tfaiye te\u015fkilat\u0131m\u0131z, belediyemizin en hayati birimlerinden biri. Bug\u00fcn aram\u0131za kat\u0131lan 40 gen\u00e7 arkada\u015f\u0131m\u0131z\u0131n g\u00f6zlerindeki heyecan\u0131 g\u00f6r\u00fcyoruz. Fedakarl\u0131k, cesaret ve y\u00fcksek sorumluluk gerektiren bu onurlu g\u00f6revi lay\u0131k\u0131yla yerine getireceklerinden hi\u00e7 \u015f\u00fcphem yok. \u015eehrimizin huzuru ve g\u00fcvenli\u011fi art\u0131k sizlerin de omuzlar\u0131nda&#8221; ifadelerine yer verdi. Yeni memurlara g\u00f6revlerinde ba\u015far\u0131lar dileyen Ba\u015fkan \u00c7avu\u015fo\u011flu, &#8220;\u015eehrimizin huzuru ve g\u00fcvenli\u011fi i\u00e7in b\u00fcy\u00fck bir \u00f6zveriyle g\u00f6rev yapacak olan k\u0131ymetli mesai arkada\u015flar\u0131m\u0131z\u0131n; bu kutsal g\u00f6revi lay\u0131k\u0131yla yerine getireceklerine y\u00fcrekten inan\u0131yor, ba\u015far\u0131l\u0131 bir \u00e7al\u0131\u015fma hayat\u0131 diliyorum&#8221; dedi.<br \/><\/p>\n","protected":false},"excerpt":{"rendered":"<p>Denizli B\u00fcy\u00fck\u015fehir Belediye Ba\u015fkan\u0131 B\u00fclent Nuri \u00c7avu\u015fo\u011flu, \u0130tfaiye Dairesi Ba\u015fkanl\u0131\u011f\u0131 b\u00fcnyesinde g\u00f6reve yeni ba\u015flayan 40 itfaiye memuru ile bir araya geldi. \u015eehrin huzur ve g\u00fcvenli\u011fi i\u00e7in canla ba\u015fla \u00e7al\u0131\u015facak olan yeni personelin heyecan\u0131na ortak olan Ba\u015fkan \u00c7avu\u015fo\u011flu, &#8220;Bu kutsal g\u00f6revde her bir arkada\u015f\u0131m\u0131z\u0131n Denizli i\u00e7in b\u00fcy\u00fck bir \u00f6zveriyle \u00e7al\u0131\u015faca\u011f\u0131na inanc\u0131m tamd\u0131r. \u015eehrimiz size emanet&#8221; dedi&#8230;.<\/p>\n","protected":false},"author":1,"featured_media":88809,"comment_status":"open","ping_status":"open","sticky":false,"template":"","format":"standard","meta":{"_crdt_document":"","footnotes":""},"categories":[5],"tags":[],"class_list":["post-88808","post","type-post","status-publish","format-standard","has-post-thumbnail","hentry","category-asayis"],"_links":{"self":[{"href":"https:\/\/www.egemtv.com\/index.php?rest_route=\/wp\/v2\/posts\/88808","targetHints":{"allow":["GET"]}}],"collection":[{"href":"https:\/\/www.egemtv.com\/index.php?rest_route=\/wp\/v2\/posts"}],"about":[{"href":"https:\/\/www.egemtv.com\/index.php?rest_route=\/wp\/v2\/types\/post"}],"author":[{"embeddable":true,"href":"https:\/\/www.egemtv.com\/index.php?rest_route=\/wp\/v2\/users\/1"}],"replies":[{"embeddable":true,"href":"https:\/\/www.egemtv.com\/index.php?rest_route=%2Fwp%2Fv2%2Fcomments&post=88808"}],"version-history":[{"count":1,"href":"https:\/\/www.egemtv.com\/index.php?rest_route=\/wp\/v2\/posts\/88808\/revisions"}],"predecessor-version":[{"id":88810,"href":"https:\/\/www.egemtv.com\/index.php?rest_route=\/wp\/v2\/posts\/88808\/revisions\/88810"}],"wp:featuredmedia":[{"embeddable":true,"href":"https:\/\/www.egemtv.com\/index.php?rest_route=\/wp\/v2\/media\/88809"}],"wp:attachment":[{"href":"https:\/\/www.egemtv.com\/index.php?rest_route=%2Fwp%2Fv2%2Fmedia&parent=88808"}],"wp:term":[{"taxonomy":"category","embeddable":true,"href":"https:\/\/www.egemtv.com\/index.php?rest_route=%2Fwp%2Fv2%2Fcategories&post=88808"},{"taxonomy":"post_tag","embeddable":true,"href":"https:\/\/www.egemtv.com\/index.php?rest_route=%2Fwp%2Fv2%2Ftags&post=88808"}],"curies":[{"name":"wp","href":"https:\/\/api.w.org\/{rel}","templated":true}]}}