{"id":88805,"date":"2026-02-18T15:54:58","date_gmt":"2026-02-18T12:54:58","guid":{"rendered":"https:\/\/www.egemtv.com\/?p=88805"},"modified":"2026-02-18T15:54:59","modified_gmt":"2026-02-18T12:54:59","slug":"salihlide-genclerden-sardese-sanatsal-dokunus","status":"publish","type":"post","link":"https:\/\/www.egemtv.com\/?p=88805","title":{"rendered":"Salihli\u2019de gen\u00e7lerden Sardes\u2019e sanatsal dokunu\u015f"},"content":{"rendered":"<p>Gen\u00e7lik ve Spor Bakanl\u0131\u011f\u0131 taraf\u0131ndan y\u00fcr\u00fct\u00fclen \u00dcniversite \u00d6\u011frenci Topluluklar\u0131 \u0130\u015f Birli\u011fi ve Destek Program\u0131 (\u00dcN\u0130DES) kapsam\u0131nda, Manisa Celal Bayar \u00dcniversitesi Salihli \u0130ktisadi ve \u0130dari Bilimler Fak\u00fcltesi Maliye Kul\u00fcb\u00fc taraf\u0131ndan hayata ge\u00e7irilen &#8220;Jeopark ve Tarih I\u015f\u0131\u011f\u0131nda Gen\u00e7lerin Perspektifinden Sardes ve Jeopark&#8221; projesinin son etab\u0131 olan foto\u011fraf sergisi ger\u00e7ekle\u015ftirildi.<br \/>\n<br \/>Gen\u00e7lerin tarih ve do\u011fal miras bilincini art\u0131rmay\u0131, \u00fcniversite topluluklar\u0131 ile gen\u00e7 ofisler aras\u0131ndaki etkile\u015fimi g\u00fc\u00e7lendirmeyi ve gen\u00e7lere y\u00f6nelik faaliyetlerin niteli\u011fini y\u00fckseltmeyi ama\u00e7layan proje kapsam\u0131nda haz\u0131rlanan foto\u011fraflar, Salihli\u2019deki bir al\u0131\u015fveri\u015f merkezinde kat\u0131l\u0131mc\u0131lar\u0131n be\u011fenisine sunuldu. Sergide, gen\u00e7lerin bak\u0131\u015f a\u00e7\u0131s\u0131yla Sardes Antik Kenti ve \u00e7evresindeki jeolojik zenginlikler sanatsal bir perspektifle yans\u0131t\u0131ld\u0131.<br \/>\n<br \/>D\u00fczenlenen programa Salihli Kaymakam\u0131 Ali G\u00fcldo\u011fan da kat\u0131ld\u0131. Sergiyi dola\u015farak \u00f6\u011frencilerden \u00e7al\u0131\u015fmalar hakk\u0131nda bilgi alan Kaymakam G\u00fcldo\u011fan, gen\u00e7lerin k\u00fclt\u00fcrel ve tarihi de\u011ferlere sahip \u00e7\u0131karak bu de\u011ferleri sanatsal \u00e7al\u0131\u015fmalarla g\u00f6r\u00fcn\u00fcr k\u0131lmas\u0131n\u0131n son derece k\u0131ymetli oldu\u011funu ifade etti.<br \/>\n<br \/>Proje kapsam\u0131nda ger\u00e7ekle\u015ftirilen serginin, gen\u00e7lerin ya\u015fad\u0131klar\u0131 co\u011frafyaya farkl\u0131 bir g\u00f6zle bakmalar\u0131na katk\u0131 sa\u011flad\u0131\u011f\u0131 ve b\u00f6lgenin tarihi ile do\u011fal miras\u0131n\u0131n tan\u0131t\u0131m\u0131na \u00f6nemli destek sundu\u011fu belirtildi.<br \/><\/p>\n","protected":false},"excerpt":{"rendered":"<p>Gen\u00e7lik ve Spor Bakanl\u0131\u011f\u0131 taraf\u0131ndan y\u00fcr\u00fct\u00fclen \u00dcniversite \u00d6\u011frenci Topluluklar\u0131 \u0130\u015f Birli\u011fi ve Destek Program\u0131 (\u00dcN\u0130DES) kapsam\u0131nda, Manisa Celal Bayar \u00dcniversitesi Salihli \u0130ktisadi ve \u0130dari Bilimler Fak\u00fcltesi Maliye Kul\u00fcb\u00fc taraf\u0131ndan hayata ge\u00e7irilen &#8220;Jeopark ve Tarih I\u015f\u0131\u011f\u0131nda Gen\u00e7lerin Perspektifinden Sardes ve Jeopark&#8221; projesinin son etab\u0131 olan foto\u011fraf sergisi ger\u00e7ekle\u015ftirildi. Gen\u00e7lerin tarih ve do\u011fal miras bilincini art\u0131rmay\u0131, \u00fcniversite&#8230;<\/p>\n","protected":false},"author":1,"featured_media":88806,"comment_status":"open","ping_status":"open","sticky":false,"template":"","format":"standard","meta":{"_crdt_document":"","footnotes":""},"categories":[1],"tags":[],"class_list":["post-88805","post","type-post","status-publish","format-standard","has-post-thumbnail","hentry","category-guncel"],"_links":{"self":[{"href":"https:\/\/www.egemtv.com\/index.php?rest_route=\/wp\/v2\/posts\/88805","targetHints":{"allow":["GET"]}}],"collection":[{"href":"https:\/\/www.egemtv.com\/index.php?rest_route=\/wp\/v2\/posts"}],"about":[{"href":"https:\/\/www.egemtv.com\/index.php?rest_route=\/wp\/v2\/types\/post"}],"author":[{"embeddable":true,"href":"https:\/\/www.egemtv.com\/index.php?rest_route=\/wp\/v2\/users\/1"}],"replies":[{"embeddable":true,"href":"https:\/\/www.egemtv.com\/index.php?rest_route=%2Fwp%2Fv2%2Fcomments&post=88805"}],"version-history":[{"count":1,"href":"https:\/\/www.egemtv.com\/index.php?rest_route=\/wp\/v2\/posts\/88805\/revisions"}],"predecessor-version":[{"id":88807,"href":"https:\/\/www.egemtv.com\/index.php?rest_route=\/wp\/v2\/posts\/88805\/revisions\/88807"}],"wp:featuredmedia":[{"embeddable":true,"href":"https:\/\/www.egemtv.com\/index.php?rest_route=\/wp\/v2\/media\/88806"}],"wp:attachment":[{"href":"https:\/\/www.egemtv.com\/index.php?rest_route=%2Fwp%2Fv2%2Fmedia&parent=88805"}],"wp:term":[{"taxonomy":"category","embeddable":true,"href":"https:\/\/www.egemtv.com\/index.php?rest_route=%2Fwp%2Fv2%2Fcategories&post=88805"},{"taxonomy":"post_tag","embeddable":true,"href":"https:\/\/www.egemtv.com\/index.php?rest_route=%2Fwp%2Fv2%2Ftags&post=88805"}],"curies":[{"name":"wp","href":"https:\/\/api.w.org\/{rel}","templated":true}]}}