{"id":88802,"date":"2026-02-18T15:54:57","date_gmt":"2026-02-18T12:54:57","guid":{"rendered":"https:\/\/www.egemtv.com\/?p=88802"},"modified":"2026-02-18T15:54:58","modified_gmt":"2026-02-18T12:54:58","slug":"koycegizde-ramazan-ayina-ozel-anlamli-proje","status":"publish","type":"post","link":"https:\/\/www.egemtv.com\/?p=88802","title":{"rendered":"K\u00f6yce\u011fiz\u2019de Ramazan Ay\u0131\u2019na \u00f6zel anlaml\u0131 proje"},"content":{"rendered":"<p>Mu\u011fla\u2019n\u0131n K\u00f6yce\u011fiz il\u00e7esinde, K\u00f6yce\u011fiz Kaymakaml\u0131\u011f\u0131 \u00f6nc\u00fcl\u00fc\u011f\u00fcnde hayata ge\u00e7irilecek \u2019G\u00f6n\u00fcller bir, sofralar bir\u2019 projesinin tan\u0131t\u0131m program\u0131 d\u00fczenlendi.<\/p>\n<p>Kaymakaml\u0131k konferans salonunda ger\u00e7ekle\u015ftirilen programa K\u00f6yce\u011fiz Kaymakam\u0131 Mert Kumcu ba\u015fta olmak \u00fczere projeye destek verecek kurum amirleri kat\u0131ld\u0131. Projenin y\u00fcr\u00fct\u00fcc\u00fcl\u00fc\u011f\u00fcn\u00fc ise K\u00f6yce\u011fiz Sosyal Yard\u0131mla\u015fma ve Dayan\u0131\u015fma Vakf\u0131 \u00fcstlenecek. 19 \u015eubat-19 Mart tarihleri aras\u0131nda Ramazan ay\u0131 boyunca uygulanacak olan proje kapsam\u0131nda Ramazan ay\u0131n\u0131n birlik, beraberlik, payla\u015fma ve dayan\u0131\u015fma ruhunu hep birlikte ya\u015fanacak, \u015fehit aileleri, gaziler, gazi aileleri, gen\u00e7ler ve kad\u0131nlar ile ihtiya\u00e7 sahibi vatanda\u015flar\u0131n yan\u0131nda oldu\u011fumuzu sadece s\u00f6zde de\u011fil fiilen de hissettirilecek. Proje kapsam\u0131nda kurum amirleri ve e\u015fleri yada kurum amirleri ve personellerinden olu\u015fan en az 2 en fazla 4 ki\u015filik ve i\u00e7inde bir kat\u0131l\u0131mc\u0131n\u0131n yer ald\u0131\u011f\u0131 ekipler taraf\u0131ndan hanelere iftar ziyaretleri ger\u00e7ekle\u015ftirilecek. Bu ziyaretlerde sadece ayn\u0131 sofralar payla\u015f\u0131lmakla kal\u0131nmayarak ailelerimizin talep ve ihtiya\u00e7lar\u0131n\u0131 yerinde dinleyerek g\u00f6n\u00fcl k\u00f6pr\u00fclerini g\u00fc\u00e7lendirilecek. Ayr\u0131ca ihtiya\u00e7 sahibi ailelere Ramazan ay\u0131nda temel ihtiya\u00e7lar\u0131n\u0131 kar\u015f\u0131lamalar\u0131nda katk\u0131 sunacak \u015fekilde nakdi destek sa\u011flanacak. \u015eehit aileleri ve gaziler ile yap\u0131lacak ziyaretlerde ise vefa ve minnet duygular\u0131 ifade edilerek devletin her zaman onlar\u0131n yanlar\u0131nda oldu\u011fu vurgulanacak. Planl\u0131 bir takvim \u00e7er\u00e7evesinde y\u00fcr\u00fct\u00fclecek olan her ziyaret sonras\u0131nda geri bildirimler al\u0131narak ihtiya\u00e7 durumlar\u0131 kay\u0131t alt\u0131na al\u0131nacak.<\/p>\n<p>&#8220;Devlet vatanda\u015f\u0131n\u0131n kap\u0131s\u0131n\u0131 \u00e7ald\u0131\u011f\u0131nda anlam kazan\u0131r&#8221;<br \/>\n<br \/>Programda konu\u015fan K\u00f6yce\u011fiz Kaymakam\u0131 Mert Kumcu, &#8220;K\u00f6yce\u011fiz Kaymakaml\u0131\u011f\u0131 olarak hayata ge\u00e7irece\u011fimiz \u2018G\u00f6n\u00fcller bir, sofralar bir\u2019 projemizi tan\u0131tmak amac\u0131yla bir araya gelmi\u015f bulunmaktay\u0131z. Ramazan ay\u0131n\u0131n yaln\u0131zca oru\u00e7 tutulan bir zaman dilimi de\u011fil, ayn\u0131 zamanda g\u00f6n\u00fcllerin yumu\u015fad\u0131\u011f\u0131, kap\u0131lar\u0131n \u00e7al\u0131nd\u0131\u011f\u0131, sofralar\u0131n payla\u015f\u0131ld\u0131\u011f\u0131, birlik ve beraberli\u011fin en g\u00fc\u00e7l\u00fc \u015fekilde hissedildi\u011fi m\u00fcstesna bir ayd\u0131r. Bu ay \u2018Ben\u2019den \u2018biz\u2019e ge\u00e7i\u015fin, payla\u015fman\u0131n, dayan\u0131\u015fman\u0131n ve karde\u015fli\u011fin zirveye ula\u015ft\u0131\u011f\u0131 bir rahmet mevsimidir. Biz de K\u00f6yce\u011fiz\u2019de bu ruhu daha g\u00fc\u00e7l\u00fc \u015fekilde ya\u015fatmak, devletimizin \u015fefkat elini vatanda\u015flar\u0131n sofralar\u0131na ve g\u00f6n\u00fcllerine daha yak\u0131ndan ula\u015ft\u0131rmak amac\u0131yla bu projeyi ba\u015flat\u0131yoruz. Projemiz kapsam\u0131nda kurum amirlerimiz, Sosyal Yard\u0131mla\u015fma ve Dayan\u0131\u015fma Vakf\u0131 m\u00fctevelli heyeti \u00fcyelerimiz Ramazan ay\u0131 boyunca her g\u00fcn \u015fehit ailelerimiz, gazilerimiz ile Sosyal Yard\u0131mla\u015fma ve Dayan\u0131\u015fma Vakf\u0131m\u0131z\u0131n belirledi\u011fi hanelere konuk olarak onlarla iftar sofralar\u0131nda bir araya gelecektir. Bu proje ile amac\u0131m\u0131z k\u0131ymetli ailelerimizi yaln\u0131z hissettirmemek, onlarla ayn\u0131 sofrada ayn\u0131 sofrada oturup ayn\u0131 ekme\u011fi b\u00f6l\u00fc\u015fmek, onlar\u0131n taleplerini do\u011frudan dinlemek ve en \u00f6nemlisi devlet ve millet aras\u0131ndaki g\u00f6n\u00fcl ba\u011flar\u0131n\u0131 daha da g\u00fc\u00e7lendirmektir. Bizler kamu g\u00f6revlileri olarak g\u00f6revimizi sadece mesai saatleri i\u00e7erisinde ve resmi mekanlarda yerine getirmiyoruz. Cumhurba\u015fkan\u0131m\u0131z\u0131n her daim ifade etti\u011fi gibi bizim devlet anlay\u0131\u015f\u0131m\u0131z vatanda\u015f\u0131n\u0131n derdi ile dertlenen, sevincine ortak olan, kap\u0131s\u0131n\u0131 \u00e7alan, halini yerinde g\u00f6ren bir anlay\u0131\u015ft\u0131r. Ramazan ay\u0131 da bu anlay\u0131\u015f\u0131 daha g\u00f6r\u00fcn\u00fcr ve daha samimi bir \u015fekilde hayata ge\u00e7irmek i\u00e7in \u00f6nemli bir f\u0131rsatt\u0131r&#8221; dedi.<\/p>\n<p>K\u00f6yce\u011fiz\u2019in tarih boyunca dayan\u0131\u015fma k\u00fclt\u00fcr\u00fc g\u00fc\u00e7l\u00fc, payla\u015fmay\u0131 bilen, kom\u015fuluk hukukuna \u00f6nem veren bir il\u00e7emiz oldu\u011funu hat\u0131rlatan Kumcu, &#8220;Bizler de bu kadim k\u00fclt\u00fcr\u00fc ya\u015fatmak ve gelecek nesillere aktarmakla sorumluyuz. Bu proje ayn\u0131 zamanda kurumlar\u0131m\u0131z aras\u0131nda g\u00fc\u00e7l\u00fc bir koordinasyon ve g\u00f6n\u00fcll\u00fcl\u00fck ruhu ortaya koymaktad\u0131r. Kurum amirlerimizin ve personellerimizin g\u00f6n\u00fcll\u00fc olarak bu programa dahil olmas\u0131 devletimizin sosyal sorumluluk bilincini en g\u00fczel g\u00f6stergelerinden biridir. Her bir kurum amirimize \u015fimdiden te\u015fekk\u00fcr ediyorum. Sosyal Yard\u0131mla\u015fma ve Dayan\u0131\u015fma Vakf\u0131m\u0131z\u0131n titiz \u00e7al\u0131\u015fmalar\u0131 ile belirlenen ailelerimizi ziyaret ederken yaln\u0131zca bir iftar program\u0131 ger\u00e7ekle\u015ftirmeyece\u011fiz. Ayn\u0131 zamanda onlar\u0131n ihtiya\u00e7lar\u0131n\u0131 yerinde tespit edecek ve varsa \u00e7\u00f6z\u00fcm bekleyen konular\u0131 h\u0131zl\u0131ca de\u011ferlendirecek, maddi ve manevi destek vererek gerekli ad\u0131mlar\u0131 ataca\u011f\u0131z. Bu y\u00f6n\u00fcyle proje sosyal devlet anlay\u0131\u015f\u0131n\u0131n sahadaki g\u00fc\u00e7l\u00fc bir yans\u0131mas\u0131 olacakt\u0131r. Ayr\u0131ca sofralar\u0131na konuk olaca\u011f\u0131m\u0131z ailelerimizin bir\u00e7o\u011funda \u00f6\u011frencilerimiz de bulunuyor. Bu y\u00f6n\u00fcyle de projemiz bizim i\u00e7in b\u00fcy\u00fck bir anlam ta\u015f\u0131yor. \u00c7\u00fcnk\u00fc Ramazan ay\u0131n\u0131n en g\u00fczel heyecan\u0131 \u00e7ocuklar\u0131m\u0131z\u0131n ve gen\u00e7lerimizin g\u00f6zlerinde \u0131\u015f\u0131lt\u0131da sakl\u0131d\u0131r. \u0130lk kez oru\u00e7 tutman\u0131n heyecan\u0131, iftar saatini beklerken ya\u015fanan sab\u0131rs\u0131zl\u0131k, birlikte edilen dualar haf\u0131zalarda iz b\u0131rakan hat\u0131ralard\u0131r. Bizler o sofralarda yaln\u0131zca b\u00fcy\u00fcklerimiz ile de\u011fil gelece\u011fimizin teminat\u0131 olan evlatlar\u0131m\u0131zla da bir araya gelerek onlar\u0131n hayallerini dinleyerek e\u011fitim yolculuklar\u0131nda yanlar\u0131nda oldu\u011fumuzu hissettirecek, ba\u015far\u0131lar\u0131 i\u00e7in destek olaca\u011f\u0131m\u0131z\u0131 bir kez daha hep birlikte ifade edece\u011fiz. Bir \u00e7ocu\u011fun kalbine dokunmak asl\u0131nda gelece\u011fe dokunmakt\u0131r. Bir \u00f6\u011frencimizin y\u00fcz\u00fcndeki tebess\u00fcm toplumumuzun yar\u0131nlar\u0131na duydu\u011fumuz umudun en g\u00fczel g\u00f6stergesidir&#8221; diye konu\u015ftu.<\/p>\n<p>Ramazan Ay\u0131\u2019n\u0131n payla\u015fmay\u0131, sabr\u0131 ve \u015f\u00fckretmeyi \u00f6\u011fretti\u011fini s\u00f6zlerine ekleyen Kaymakam Kumcu konu\u015fmas\u0131n\u0131 \u015fu s\u00f6zlerle noktalad\u0131;<br \/>\n<br \/>&#8220;Bizler de bu de\u011ferleri ailelerimiz ve gen\u00e7lerimiz ile birlikte ya\u015fayarak dayan\u0131\u015fma k\u00fclt\u00fcr\u00fcm\u00fcz\u00fc nesilden nesile aktarmay\u0131 hedefliyoruz. Ramazan ay\u0131 boyunca her g\u00fcn bir ailemizle kurulacak bu g\u00f6n\u00fcl k\u00f6pr\u00fcs\u00fcn\u00fcn il\u00e7emizde dayan\u0131\u015fma ruhunu daha da peki\u015ftirece\u011fine y\u00fcrekten inan\u0131yorum. Unutmayal\u0131m ki; devlet vatanda\u015f\u0131n\u0131n kap\u0131s\u0131n\u0131 \u00e7ald\u0131\u011f\u0131nda anlam kazan\u0131r. Birlik, ayn\u0131 sofrada oturunca g\u00fc\u00e7lenir. Devletimizin kap\u0131s\u0131 da g\u00f6nl\u00fc de her zaman a\u00e7\u0131k olup, bu proje bu anlay\u0131\u015f\u0131n bir ifadesidir. Bu vesile ile projeye katk\u0131 sunan t\u00fcm kurum amirlerimize, Sosyal Yard\u0131mla\u015fma ve Dayan\u0131\u015fma Vakf\u0131 \u00e7al\u0131\u015fanlar\u0131m\u0131za, eme\u011fi ge\u00e7en herkese ve kap\u0131lar\u0131n\u0131 bize a\u00e7acak t\u00fcm hem\u015fehrilerimize te\u015fekk\u00fcr ediyor, bu g\u00fczel bulu\u015fmalar\u0131n il\u00e7emize g\u00fczellik ve hay\u0131r getirmesini temenni ediyorum&#8221;<br \/><\/p>\n","protected":false},"excerpt":{"rendered":"<p>Mu\u011fla\u2019n\u0131n K\u00f6yce\u011fiz il\u00e7esinde, K\u00f6yce\u011fiz Kaymakaml\u0131\u011f\u0131 \u00f6nc\u00fcl\u00fc\u011f\u00fcnde hayata ge\u00e7irilecek \u2019G\u00f6n\u00fcller bir, sofralar bir\u2019 projesinin tan\u0131t\u0131m program\u0131 d\u00fczenlendi. Kaymakaml\u0131k konferans salonunda ger\u00e7ekle\u015ftirilen programa K\u00f6yce\u011fiz Kaymakam\u0131 Mert Kumcu ba\u015fta olmak \u00fczere projeye destek verecek kurum amirleri kat\u0131ld\u0131. Projenin y\u00fcr\u00fct\u00fcc\u00fcl\u00fc\u011f\u00fcn\u00fc ise K\u00f6yce\u011fiz Sosyal Yard\u0131mla\u015fma ve Dayan\u0131\u015fma Vakf\u0131 \u00fcstlenecek. 19 \u015eubat-19 Mart tarihleri aras\u0131nda Ramazan ay\u0131 boyunca uygulanacak olan proje&#8230;<\/p>\n","protected":false},"author":1,"featured_media":88803,"comment_status":"open","ping_status":"open","sticky":false,"template":"","format":"standard","meta":{"_crdt_document":"","footnotes":""},"categories":[1],"tags":[],"class_list":["post-88802","post","type-post","status-publish","format-standard","has-post-thumbnail","hentry","category-guncel"],"_links":{"self":[{"href":"https:\/\/www.egemtv.com\/index.php?rest_route=\/wp\/v2\/posts\/88802","targetHints":{"allow":["GET"]}}],"collection":[{"href":"https:\/\/www.egemtv.com\/index.php?rest_route=\/wp\/v2\/posts"}],"about":[{"href":"https:\/\/www.egemtv.com\/index.php?rest_route=\/wp\/v2\/types\/post"}],"author":[{"embeddable":true,"href":"https:\/\/www.egemtv.com\/index.php?rest_route=\/wp\/v2\/users\/1"}],"replies":[{"embeddable":true,"href":"https:\/\/www.egemtv.com\/index.php?rest_route=%2Fwp%2Fv2%2Fcomments&post=88802"}],"version-history":[{"count":1,"href":"https:\/\/www.egemtv.com\/index.php?rest_route=\/wp\/v2\/posts\/88802\/revisions"}],"predecessor-version":[{"id":88804,"href":"https:\/\/www.egemtv.com\/index.php?rest_route=\/wp\/v2\/posts\/88802\/revisions\/88804"}],"wp:featuredmedia":[{"embeddable":true,"href":"https:\/\/www.egemtv.com\/index.php?rest_route=\/wp\/v2\/media\/88803"}],"wp:attachment":[{"href":"https:\/\/www.egemtv.com\/index.php?rest_route=%2Fwp%2Fv2%2Fmedia&parent=88802"}],"wp:term":[{"taxonomy":"category","embeddable":true,"href":"https:\/\/www.egemtv.com\/index.php?rest_route=%2Fwp%2Fv2%2Fcategories&post=88802"},{"taxonomy":"post_tag","embeddable":true,"href":"https:\/\/www.egemtv.com\/index.php?rest_route=%2Fwp%2Fv2%2Ftags&post=88802"}],"curies":[{"name":"wp","href":"https:\/\/api.w.org\/{rel}","templated":true}]}}