{"id":88799,"date":"2026-02-18T15:34:51","date_gmt":"2026-02-18T12:34:51","guid":{"rendered":"https:\/\/www.egemtv.com\/?p=88799"},"modified":"2026-02-18T15:34:52","modified_gmt":"2026-02-18T12:34:52","slug":"didim-yelken-tutkunlarini-agirlayacak","status":"publish","type":"post","link":"https:\/\/www.egemtv.com\/?p=88799","title":{"rendered":"Didim yelken tutkunlar\u0131n\u0131 a\u011f\u0131rlayacak"},"content":{"rendered":"<p>T\u00fcrkiye Yelken Federasyonu Yelken Ligi kapsam\u0131nda d\u00fczenlenen IQ Foil 2. Ayak T\u00fcrkiye Ye\u015filay \u015eampiyonas\u0131, Didim\u2019de ba\u015fl\u0131yor. 21-25 \u015eubat tarihleri aras\u0131nda Didim Belediyesi ev sahipli\u011finde ger\u00e7ekle\u015ftirilecek organizasyon, T\u00fcrkiye\u2019nin d\u00f6rt bir yan\u0131ndan gelen sporcular\u0131 ve yelken tutkunlar\u0131n\u0131 Ege\u2019nin e\u015fsiz k\u0131y\u0131lar\u0131nda bulu\u015fturacak.<br \/>\n<br \/>21 \u015eubat Cumartesi g\u00fcn\u00fc ba\u015flayacak \u015fampiyona yar\u0131\u015flar\u0131nda, \u00f6zellikle y\u00fcksek h\u0131z ve teknik hakimiyet gerektiren IQ Foil disiplininde sporcular suyun \u00fczerinde adeta r\u00fczgarla dans edecek. Foil teknolojisi sayesinde su y\u00fczeyinin \u00fczerinde y\u00fckselerek ilerleyen sporcular; denge, taktik ve h\u0131z unsurlar\u0131n\u0131 bir arada kullanarak etap dereceleri ve genel klasman s\u0131ralamas\u0131 i\u00e7in k\u0131yas\u0131ya m\u00fccadele edecek.<br \/>\n<br \/>Do\u011fal g\u00fczellikleri ve e\u015fsiz deniziyle \u00f6ne \u00e7\u0131kan Didim, su sporlar\u0131 organizasyonlar\u0131 i\u00e7in her ge\u00e7en g\u00fcn daha fazla tercih edilen bir merkez haline geliyor. T\u00fcrkiye genelinden kat\u0131l\u0131m sa\u011flayacak kul\u00fcpler ve sporcular, performanslar\u0131n\u0131 sergileme ve milli tak\u0131m yolunda \u00f6nemli puanlar toplama f\u0131rsat\u0131 bulacak.<br \/>\n<br \/>Organizasyon, gen\u00e7lerin spora te\u015fvik edilmesi ve sa\u011fl\u0131kl\u0131 ya\u015fam bilincinin yayg\u0131nla\u015ft\u0131r\u0131lmas\u0131 a\u00e7\u0131s\u0131ndan da b\u00fcy\u00fck \u00f6nem ta\u015f\u0131yor.<br \/>\n<br \/>Ba\u015fkan Hatice Gen\u00e7ay: &#8220;Didim\u2019de prestijli bir organizasyona ev sahipli\u011fi yap\u0131yoruz&#8221;<br \/>\n<br \/>Didim Belediye Ba\u015fkan\u0131 Hatice Gen\u00e7ay, konuya ili\u015fkin yapt\u0131\u011f\u0131 de\u011ferlendirmede \u015funlar\u0131 s\u00f6yledi: &#8220;Ege\u2019nin incisi Didim\u2019de b\u00f6ylesine \u00f6nemli ve prestijli bir organizasyona ev sahipli\u011fi yapman\u0131n gururunu ya\u015f\u0131yoruz. TYF Yelken Ligi IQ Foil 2. Ayak T\u00fcrkiye Ye\u015filay \u015eampiyonas\u0131\u2019n\u0131n kentimizde d\u00fczenlenmesi, Didim\u2019in spor altyap\u0131s\u0131n\u0131n, r\u00fczg\u00e2r potansiyelinin ve do\u011fal g\u00fczelliklerinin bir g\u00f6stergesidir. Bu t\u00fcr organizasyonlar yaln\u0131zca sporcular\u0131m\u0131z\u0131n performanslar\u0131n\u0131 sergiledi\u011fi bir yar\u0131\u015fma ortam\u0131 sunmakla kalm\u0131yor; ayn\u0131 zamanda gen\u00e7lerimize ilham veriyor, kentimizin spor turizmi vizyonuna katk\u0131 sa\u011fl\u0131yor ve Didim\u2019in ad\u0131n\u0131 ulusal \u00f6l\u00e7ekte daha da g\u00f6r\u00fcn\u00fcr k\u0131l\u0131yor. T\u00fcm sporcular\u0131m\u0131za heyecan dolu ve ba\u015far\u0131l\u0131 bir \u015fampiyona diliyorum&#8221;<br \/><\/p>\n","protected":false},"excerpt":{"rendered":"<p>T\u00fcrkiye Yelken Federasyonu Yelken Ligi kapsam\u0131nda d\u00fczenlenen IQ Foil 2. Ayak T\u00fcrkiye Ye\u015filay \u015eampiyonas\u0131, Didim\u2019de ba\u015fl\u0131yor. 21-25 \u015eubat tarihleri aras\u0131nda Didim Belediyesi ev sahipli\u011finde ger\u00e7ekle\u015ftirilecek organizasyon, T\u00fcrkiye\u2019nin d\u00f6rt bir yan\u0131ndan gelen sporcular\u0131 ve yelken tutkunlar\u0131n\u0131 Ege\u2019nin e\u015fsiz k\u0131y\u0131lar\u0131nda bulu\u015fturacak. 21 \u015eubat Cumartesi g\u00fcn\u00fc ba\u015flayacak \u015fampiyona yar\u0131\u015flar\u0131nda, \u00f6zellikle y\u00fcksek h\u0131z ve teknik hakimiyet gerektiren IQ Foil&#8230;<\/p>\n","protected":false},"author":1,"featured_media":88800,"comment_status":"open","ping_status":"open","sticky":false,"template":"","format":"standard","meta":{"_crdt_document":"","footnotes":""},"categories":[4],"tags":[],"class_list":["post-88799","post","type-post","status-publish","format-standard","has-post-thumbnail","hentry","category-spor"],"_links":{"self":[{"href":"https:\/\/www.egemtv.com\/index.php?rest_route=\/wp\/v2\/posts\/88799","targetHints":{"allow":["GET"]}}],"collection":[{"href":"https:\/\/www.egemtv.com\/index.php?rest_route=\/wp\/v2\/posts"}],"about":[{"href":"https:\/\/www.egemtv.com\/index.php?rest_route=\/wp\/v2\/types\/post"}],"author":[{"embeddable":true,"href":"https:\/\/www.egemtv.com\/index.php?rest_route=\/wp\/v2\/users\/1"}],"replies":[{"embeddable":true,"href":"https:\/\/www.egemtv.com\/index.php?rest_route=%2Fwp%2Fv2%2Fcomments&post=88799"}],"version-history":[{"count":1,"href":"https:\/\/www.egemtv.com\/index.php?rest_route=\/wp\/v2\/posts\/88799\/revisions"}],"predecessor-version":[{"id":88801,"href":"https:\/\/www.egemtv.com\/index.php?rest_route=\/wp\/v2\/posts\/88799\/revisions\/88801"}],"wp:featuredmedia":[{"embeddable":true,"href":"https:\/\/www.egemtv.com\/index.php?rest_route=\/wp\/v2\/media\/88800"}],"wp:attachment":[{"href":"https:\/\/www.egemtv.com\/index.php?rest_route=%2Fwp%2Fv2%2Fmedia&parent=88799"}],"wp:term":[{"taxonomy":"category","embeddable":true,"href":"https:\/\/www.egemtv.com\/index.php?rest_route=%2Fwp%2Fv2%2Fcategories&post=88799"},{"taxonomy":"post_tag","embeddable":true,"href":"https:\/\/www.egemtv.com\/index.php?rest_route=%2Fwp%2Fv2%2Ftags&post=88799"}],"curies":[{"name":"wp","href":"https:\/\/api.w.org\/{rel}","templated":true}]}}