{"id":88796,"date":"2026-02-18T15:34:50","date_gmt":"2026-02-18T12:34:50","guid":{"rendered":"https:\/\/www.egemtv.com\/?p=88796"},"modified":"2026-02-18T15:34:51","modified_gmt":"2026-02-18T12:34:51","slug":"didimde-tagsis-zeytinyagi-operasyonu-2-bin-932-litre-zeytinyagi-ele-gecirildi","status":"publish","type":"post","link":"https:\/\/www.egemtv.com\/?p=88796","title":{"rendered":"Didim\u2019de ta\u011f\u015fi\u015f zeytinya\u011f\u0131 operasyonu: &#8220;2 bin 932 litre zeytinya\u011f\u0131 ele ge\u00e7irildi&#8221;"},"content":{"rendered":"<p>Ayd\u0131n\u2019\u0131n Didim il\u00e7esinde Ramazan \u00f6ncesinde yap\u0131lan operasyonda Didim\u2019de piyasaya s\u00fcr\u00fclmek \u00fczere 2 bin 932 litre taklit ve ta\u011f\u015fi\u015f zeytinya\u011f\u0131 ele ge\u00e7irildi.<\/p>\n<p>Edinilen bilgiye g\u00f6re, Ayd\u0131n \u0130l Jandarma Komutanl\u0131\u011f\u0131 Didim \u0130l\u00e7e Jandarma Komutanl\u0131\u011f\u0131 ekiplerince, Ramazan \u00f6ncesi taklit\/ta\u011f\u015fi\u015f \u00fcr\u00fcnlere y\u00f6nelik y\u00fcr\u00fct\u00fclen \u00e7al\u0131\u015fmalar kapsam\u0131nda operasyon ger\u00e7ekle\u015ftirildi. Yap\u0131lan ara\u015ft\u0131rmalar neticesinde, Ayd\u0131n il merkezinden Didim\u2019e taklit \u00fcr\u00fcn sevkiyat\u0131 yapt\u0131\u011f\u0131 belirlenen O.A. (33) isimli \u015fahs\u0131n arac\u0131 ile Cumhuriyet Mahallesi\u2019nde bulunan i\u015f yeri deposunda yap\u0131lan aramalarda 3 milyon 250 bin TL piyasa de\u011ferinde 2 bin 932 litre taklit\/ta\u011f\u015fi\u015f zeytinya\u011f\u0131 ele ge\u00e7irildi.<br \/>\n<br \/>Olayla ilgili olarak adli tahkikata ba\u015fland\u0131\u011f\u0131 \u00f6\u011frenildi.<br \/><\/p>\n","protected":false},"excerpt":{"rendered":"<p>Ayd\u0131n\u2019\u0131n Didim il\u00e7esinde Ramazan \u00f6ncesinde yap\u0131lan operasyonda Didim\u2019de piyasaya s\u00fcr\u00fclmek \u00fczere 2 bin 932 litre taklit ve ta\u011f\u015fi\u015f zeytinya\u011f\u0131 ele ge\u00e7irildi. Edinilen bilgiye g\u00f6re, Ayd\u0131n \u0130l Jandarma Komutanl\u0131\u011f\u0131 Didim \u0130l\u00e7e Jandarma Komutanl\u0131\u011f\u0131 ekiplerince, Ramazan \u00f6ncesi taklit\/ta\u011f\u015fi\u015f \u00fcr\u00fcnlere y\u00f6nelik y\u00fcr\u00fct\u00fclen \u00e7al\u0131\u015fmalar kapsam\u0131nda operasyon ger\u00e7ekle\u015ftirildi. Yap\u0131lan ara\u015ft\u0131rmalar neticesinde, Ayd\u0131n il merkezinden Didim\u2019e taklit \u00fcr\u00fcn sevkiyat\u0131 yapt\u0131\u011f\u0131 belirlenen&#8230;<\/p>\n","protected":false},"author":1,"featured_media":88797,"comment_status":"open","ping_status":"open","sticky":false,"template":"","format":"standard","meta":{"_crdt_document":"","footnotes":""},"categories":[5],"tags":[],"class_list":["post-88796","post","type-post","status-publish","format-standard","has-post-thumbnail","hentry","category-asayis"],"_links":{"self":[{"href":"https:\/\/www.egemtv.com\/index.php?rest_route=\/wp\/v2\/posts\/88796","targetHints":{"allow":["GET"]}}],"collection":[{"href":"https:\/\/www.egemtv.com\/index.php?rest_route=\/wp\/v2\/posts"}],"about":[{"href":"https:\/\/www.egemtv.com\/index.php?rest_route=\/wp\/v2\/types\/post"}],"author":[{"embeddable":true,"href":"https:\/\/www.egemtv.com\/index.php?rest_route=\/wp\/v2\/users\/1"}],"replies":[{"embeddable":true,"href":"https:\/\/www.egemtv.com\/index.php?rest_route=%2Fwp%2Fv2%2Fcomments&post=88796"}],"version-history":[{"count":1,"href":"https:\/\/www.egemtv.com\/index.php?rest_route=\/wp\/v2\/posts\/88796\/revisions"}],"predecessor-version":[{"id":88798,"href":"https:\/\/www.egemtv.com\/index.php?rest_route=\/wp\/v2\/posts\/88796\/revisions\/88798"}],"wp:featuredmedia":[{"embeddable":true,"href":"https:\/\/www.egemtv.com\/index.php?rest_route=\/wp\/v2\/media\/88797"}],"wp:attachment":[{"href":"https:\/\/www.egemtv.com\/index.php?rest_route=%2Fwp%2Fv2%2Fmedia&parent=88796"}],"wp:term":[{"taxonomy":"category","embeddable":true,"href":"https:\/\/www.egemtv.com\/index.php?rest_route=%2Fwp%2Fv2%2Fcategories&post=88796"},{"taxonomy":"post_tag","embeddable":true,"href":"https:\/\/www.egemtv.com\/index.php?rest_route=%2Fwp%2Fv2%2Ftags&post=88796"}],"curies":[{"name":"wp","href":"https:\/\/api.w.org\/{rel}","templated":true}]}}